{"id":51397,"date":"2025-08-26T19:55:36","date_gmt":"2025-08-26T16:55:36","guid":{"rendered":"https:\/\/www.egemtv.com\/?p=51397"},"modified":"2025-08-26T19:55:37","modified_gmt":"2025-08-26T16:55:37","slug":"salihli-chpde-istifa-soku-ilce-baskani-adayliktan-da-cekilip-istifa-etti","status":"publish","type":"post","link":"https:\/\/www.egemtv.com\/?p=51397","title":{"rendered":"Salihli CHP\u2019de istifa \u015foku: \u0130l\u00e7e ba\u015fkan\u0131 adayl\u0131ktan da \u00e7ekilip istifa etti"},"content":{"rendered":"<p>Manisa\u2019n\u0131n Salihli il\u00e7esinde Cumhuriyet Halk Partisi (CHP) Salihli \u0130l\u00e7e Ba\u015fkan\u0131 Enver Akg\u00fcn, hem il\u00e7e ba\u015fkanl\u0131\u011f\u0131 g\u00f6revinden hem de ba\u015fkan adayl\u0131\u011f\u0131ndan istifa etti\u011fini a\u00e7\u0131klad\u0131.<br \/>\n<br \/>Se\u00e7imlerde ba\u015fkan aday\u0131 olan mevcut CHP Salihli \u0130l\u00e7e Ba\u015fkan\u0131 Enver Akg\u00fcn ile adaylardan Burak Kulta\u015f, Mehmet D\u00f6nmez ve Olgun \u00d6zbudak, parti binas\u0131nda ortak a\u00e7\u0131klama yapt\u0131. Ortak a\u00e7\u0131klamay\u0131 okuyan Olgun \u00d6zbudak, &#8220;Bizler Cumhuriyet Halk Partisi \u00e7at\u0131s\u0131 alt\u0131nda siyaset yapan t\u00fcm \u00fcyelerimizin bu t\u00fcr disiplin su\u00e7lar\u0131na kar\u015f\u0131 tav\u0131r almaya davet ediyoruz. Unutulmamal\u0131 ki Cumhuriyet Halk Partisi bask\u0131lara boyun e\u011fmeyen bir tarihe sahiptir. Bu nedenle ya\u015fananlar\u0131n ivedilikle genel merkez parti disiplin kurullar\u0131na ta\u015f\u0131nmas\u0131, sorumlular hakk\u0131nda gerekli i\u015flemlerin yap\u0131lmas\u0131, \u00f6rg\u00fct\u00fcm\u00fcz\u00fcn halk\u0131n ve \u00fcyelerin nezdinde g\u00fcven ve itibar\u0131n\u0131n Salihli\u2019de yeniden tesis edilmesi art\u0131k ka\u00e7\u0131n\u0131lmazd\u0131r&#8221; dedi.<br \/>\n<br \/>Se\u00e7imlerde tarafs\u0131z kalmas\u0131 gereken baz\u0131 STK\u2019lar ba\u015fta olmak \u00fczere partide etkili konumda olan ki\u015filerin bask\u0131 ve demokratik olmayan y\u00f6ntemlerle delege se\u00e7imlerini m\u00fcdahale etti\u011fini kaydeden \u00d6zbudak, CHP Genel Merkezi\u2019nin ya\u015fanan s\u00fcrece m\u00fcdahale etmesi gerekti\u011fini s\u00f6yledi.<br \/>\n<br \/>CHP Salihli \u0130l\u00e7e Ba\u015fkan\u0131 Enver Akg\u00fcn ise, &#8220;CHP Salihli \u0130l\u00e7e Ba\u015fkanl\u0131\u011f\u0131\u2019n\u0131n se\u00e7im s\u00fcreci boyunca partimizin de\u011ferlerine ve demokratik de\u011ferlerine ba\u011fl\u0131 kalarak adayl\u0131\u011f\u0131m\u0131 s\u00fcrd\u00fcrd\u00fcm. Amac\u0131m Salihli\u2019mizde partimizi daha ileri ta\u015f\u0131mak, birlik ve beraberli\u011fimizi g\u00fc\u00e7lendirmekti. Ne var ki bu s\u00fcre\u00e7 tamamen baz\u0131 kurumlar\u0131n a\u00e7\u0131k ve \u00f6rt\u00fcl\u00fc tehditleri ile sa\u011fl\u0131ks\u0131z bir se\u00e7im ortam\u0131 olu\u015fturulmu\u015ftur. Bu \u015fartlar alt\u0131nda ger\u00e7ek bir demokratik yar\u0131\u015f\u0131n m\u00fcmk\u00fcn olamayaca\u011f\u0131 kanaatindeyiz. Bu sebeple partimizin ve Salihli\u2019mizin gelece\u011fine zarar vermemek ad\u0131na il\u00e7e ba\u015fkanl\u0131\u011f\u0131 adayl\u0131\u011f\u0131mdan \u00e7ekilme karar\u0131 ald\u0131\u011f\u0131m\u0131 kamuoyuna sunar\u0131m. Ayr\u0131ca bug\u00fcnden itibaren \u0130l\u00e7e Ba\u015fkanl\u0131\u011f\u0131 g\u00f6revimden de istifa ediyorum&#8221; dedi.<br \/><\/p>\n","protected":false},"excerpt":{"rendered":"<p>Manisa\u2019n\u0131n Salihli il\u00e7esinde Cumhuriyet Halk Partisi (CHP) Salihli \u0130l\u00e7e Ba\u015fkan\u0131 Enver Akg\u00fcn, hem il\u00e7e ba\u015fkanl\u0131\u011f\u0131 g\u00f6revinden hem de ba\u015fkan adayl\u0131\u011f\u0131ndan istifa etti\u011fini a\u00e7\u0131klad\u0131. Se\u00e7imlerde ba\u015fkan aday\u0131 olan mevcut CHP Salihli \u0130l\u00e7e Ba\u015fkan\u0131 Enver Akg\u00fcn ile adaylardan Burak Kulta\u015f, Mehmet D\u00f6nmez ve Olgun \u00d6zbudak, parti binas\u0131nda ortak a\u00e7\u0131klama yapt\u0131. Ortak a\u00e7\u0131klamay\u0131 okuyan Olgun \u00d6zbudak, &#8220;Bizler Cumhuriyet&#8230;<\/p>\n","protected":false},"author":1,"featured_media":51398,"comment_status":"open","ping_status":"open","sticky":false,"template":"","format":"standard","meta":{"_crdt_document":"","footnotes":""},"categories":[127],"tags":[],"class_list":["post-51397","post","type-post","status-publish","format-standard","has-post-thumbnail","hentry","category-siyaset"],"_links":{"self":[{"href":"https:\/\/www.egemtv.com\/index.php?rest_route=\/wp\/v2\/posts\/51397","targetHints":{"allow":["GET"]}}],"collection":[{"href":"https:\/\/www.egemtv.com\/index.php?rest_route=\/wp\/v2\/posts"}],"about":[{"href":"https:\/\/www.egemtv.com\/index.php?rest_route=\/wp\/v2\/types\/post"}],"author":[{"embeddable":true,"href":"https:\/\/www.egemtv.com\/index.php?rest_route=\/wp\/v2\/users\/1"}],"replies":[{"embeddable":true,"href":"https:\/\/www.egemtv.com\/index.php?rest_route=%2Fwp%2Fv2%2Fcomments&post=51397"}],"version-history":[{"count":1,"href":"https:\/\/www.egemtv.com\/index.php?rest_route=\/wp\/v2\/posts\/51397\/revisions"}],"predecessor-version":[{"id":51399,"href":"https:\/\/www.egemtv.com\/index.php?rest_route=\/wp\/v2\/posts\/51397\/revisions\/51399"}],"wp:featuredmedia":[{"embeddable":true,"href":"https:\/\/www.egemtv.com\/index.php?rest_route=\/wp\/v2\/media\/51398"}],"wp:attachment":[{"href":"https:\/\/www.egemtv.com\/index.php?rest_route=%2Fwp%2Fv2%2Fmedia&parent=51397"}],"wp:term":[{"taxonomy":"category","embeddable":true,"href":"https:\/\/www.egemtv.com\/index.php?rest_route=%2Fwp%2Fv2%2Fcategories&post=51397"},{"taxonomy":"post_tag","embeddable":true,"href":"https:\/\/www.egemtv.com\/index.php?rest_route=%2Fwp%2Fv2%2Ftags&post=51397"}],"curies":[{"name":"wp","href":"https:\/\/api.w.org\/{rel}","templated":true}]}}