{"id":51394,"date":"2025-08-26T19:14:42","date_gmt":"2025-08-26T16:14:42","guid":{"rendered":"https:\/\/www.egemtv.com\/?p=51394"},"modified":"2025-08-26T19:14:42","modified_gmt":"2025-08-26T16:14:42","slug":"tbmm-baskani-kurtulmus-hicbir-pazarlik-yapilmamis-ve-bundan-sonra-da-yapilmayacaktir","status":"publish","type":"post","link":"https:\/\/www.egemtv.com\/?p=51394","title":{"rendered":"TBMM Ba\u015fkan\u0131 Kurtulmu\u015f: &#8220;Hi\u00e7bir pazarl\u0131k yap\u0131lmam\u0131\u015f ve bundan sonra da yap\u0131lmayacakt\u0131r&#8221;"},"content":{"rendered":"<p>T\u00fcrkiye B\u00fcy\u00fck Millet Meclisi (TBMM) Ba\u015fkan\u0131 Numan Kurtulmu\u015f, \u2018Ter\u00f6rs\u00fcz T\u00fcrkiye\u2019 s\u00fcreciyle ilgili olarak, &#8220;Bu s\u00fcrecin hi\u00e7bir noktas\u0131nda ter\u00f6r \u00f6rg\u00fct\u00fcyle hi\u00e7bir pazarl\u0131k yap\u0131lmam\u0131\u015f ve bundan sonra da yap\u0131lmayacakt\u0131r. Bundan emin olunuz&#8221; dedi.<br \/>\n<br \/>B\u00fcy\u00fck Taarruz\u2019un 103\u2019\u00fcnc\u00fc y\u0131l d\u00f6n\u00fcm\u00fc dolay\u0131s\u0131yla Afyonkarahisar\u2019da bulunan TBMM Ba\u015fkan\u0131 Numan Kurtulmu\u015f, &#8220;Sivil Toplum Bulu\u015fmas\u0131&#8221; program\u0131nda sivil toplum kurulu\u015flar\u0131n\u0131n temsilcileriyle bir araya geldi. Afyonkarahisar Ticaret ve Sanayi Odas\u0131\u2019ndaki programda g\u00fcndeme ili\u015fkin a\u00e7\u0131klamalarda bulunan Kurtulmu\u015f, a\u011fustos ay\u0131n\u0131n T\u00fcrk tarihi a\u00e7\u0131s\u0131ndan \u00f6nemine i\u015faret ederek, Malazgirt ve Afyonkarahisar\u2019da tarihin iki b\u00fcy\u00fck zaferinin kazan\u0131ld\u0131\u011f\u0131n\u0131 ve 26 A\u011fustos\u2019ta bu zaferlerin an\u0131ld\u0131\u011f\u0131n\u0131 belirtti.<\/p>\n<p>&#8220;Malazgirt Muharebesi\u2019yle birlikte Anadolu\u2019nun kap\u0131lar\u0131 M\u00fcsl\u00fcman T\u00fcrk milletine a\u00e7\u0131lm\u0131\u015ft\u0131r&#8221;<br \/>\n<br \/>Kurtulmu\u015f, &#8220;Malazgirt muharebesiyle birlikte Anadolu\u2019nun kap\u0131lar\u0131 M\u00fcsl\u00fcman T\u00fcrk milletine a\u00e7\u0131lm\u0131\u015ft\u0131r ve buras\u0131 bize ebediyen k\u0131yamete kadar T\u00fcrk yurdu olarak kalmak \u00fczere ecdad\u0131m\u0131z taraf\u0131ndan miras olarak b\u0131rak\u0131lm\u0131\u015ft\u0131r. Ayn\u0131 \u015fekilde aradan as\u0131rlar ge\u00e7tikten sonra 72 d\u00fcvelin hep birlikte y\u00fcklenerek Anadolu\u2019yu kendi ellerine ge\u00e7irmeyi planlad\u0131klar\u0131, d\u00fc\u015f\u00fcnd\u00fckleri bir zamanda yokluklar, yoksunluklar i\u00e7erisinde bir b\u00fcy\u00fck m\u00fccadeleyi, Kurtulu\u015f M\u00fccadelemizi verdik ve o m\u00fccadelenin alt\u0131n halkalar\u0131ndan birisi de Kocatepe\u2019de ba\u015flayan, 26 A\u011fustos\u2019la birlikte 30 A\u011fustos\u2019a kadar uzanan o s\u00fcre i\u00e7erisinde ger\u00e7ekle\u015ftirilen B\u00fcy\u00fck Taarruz\u2019dur. \u00d6ncelikle B\u00fcy\u00fck Taarruz\u2019un Ba\u015fkomutan\u0131 Gazi Mustafa Kemal Atat\u00fcrk\u2019\u00fc ve b\u00fct\u00fcn kuvvet komutanlar\u0131n\u0131, orada hayatlar\u0131n\u0131 kaybetmi\u015f olan b\u00fct\u00fcn \u015fehitlerimizi, gazilerimizi rahmetle, minnetle an\u0131yoruz&#8221; ifadelerini kulland\u0131.<\/p>\n<p>&#8220;Bir \u00f6zerklik tart\u0131\u015fmas\u0131, farkl\u0131 anadillerin resmi olmas\u0131 \u015feklinde en ufak talep yoktur&#8221;<br \/>\n<br \/>\u2018Ter\u00f6rs\u00fcz T\u00fcrkiye\u2019 s\u00fcrecine de de\u011finen Kurtulmu\u015f, ter\u00f6r \u00f6rg\u00fct\u00fcn\u00fcn kendisini feshetme karar\u0131yla birlikte ortaya \u00e7\u0131kan tabloyu en iyi \u015fekilde de\u011ferlendirmek ve bir daha ter\u00f6r\u00fcn hi\u00e7bir \u015fekilde T\u00fcrkiye\u2019nin g\u00fcndeminde olmayaca\u011f\u0131 bir d\u00f6neme ge\u00e7ilmesinin zorunlulu\u011funa vurgu yapt\u0131. TBMM Ba\u015fkan\u0131 Kurtulmu\u015f, &#8220;\u00c7ok a\u00e7\u0131k s\u00f6yleyeyim, bir \u00f6zerklik tart\u0131\u015fmas\u0131, ayr\u0131 bir b\u00f6lge tart\u0131\u015fmas\u0131, farkl\u0131 anadillerin resmi dil olmas\u0131 \u015feklinde en ufak bir talep yoktur. \u00d6rg\u00fct liderinin d\u0131\u015far\u0131ya \u00e7\u0131kar\u0131lmas\u0131, serbest b\u0131rak\u0131lmas\u0131yla ilgili de en ufak bir \u00e7al\u0131\u015fma olmad\u0131\u011f\u0131 gibi bu konuda da bir talep s\u00f6z konusu de\u011fildir. Bir T\u00fcrkiye modelini d\u00fcnyaya hediye edece\u011fiz. \u00c7at\u0131\u015fma \u00e7\u00f6z\u00fcmleri ger\u00e7ekten akl\u0131selim i\u00e7erisinde en uygun yollar ve m\u00fczakereleri ger\u00e7ekle\u015ftirilerek sonu\u00e7land\u0131r\u0131labilir. Bunun i\u00e7in T\u00fcrkiye modeli ger\u00e7ekten b\u00fct\u00fcn d\u00fcnya i\u00e7in bu konuda \u00f6rnektir. Bunu da ortaya koyabilirsek ne mutlu. 103 sene evvel bu topraklarda g\u00fc\u00e7l\u00fc bir \u015fekilde, birlik ve beraberlik i\u00e7erisinde, yan yana ayakta durmaktan ba\u015fka \u015fans\u0131m\u0131z yok idiyse, bug\u00fcn de a\u00e7\u0131k\u00e7as\u0131 g\u00fc\u00e7l\u00fc bir \u015fekilde aya\u011f\u0131m\u0131z\u0131 yere basarak, saflar\u0131m\u0131z\u0131 s\u0131kla\u015ft\u0131rarak, birlik ve beraberlik i\u00e7erisinde yola devam etmekten ba\u015fka hi\u00e7bir \u015fans\u0131m\u0131z yoktur&#8221; dedi.<\/p>\n<p>&#8220;Bu co\u011frafyan\u0131n ortas\u0131nda T\u00fcrkiye istikrar i\u00e7erisinde olan, y\u0131ld\u0131z gibi parlayan bir \u00fclkedir&#8221;<br \/>\n<br \/>D\u00fcnyadaki b\u00fct\u00fcn b\u00fcy\u00fck olaylar\u0131n neredeyse hepsinin cereyan etti\u011fi co\u011frafyan\u0131n Anadolu k\u0131tas\u0131n\u0131n etraf\u0131ndaki co\u011frafya oldu\u011funa dikkat \u00e7eken Kurtulmu\u015f, s\u00f6zlerine \u015f\u00f6yle devam etti:<br \/>\n<br \/>&#8220;\u0130srail\u2019in Filistin \u00fczerindeki bask\u0131lar\u0131n\u0131, zul\u00fcmlerini, soyk\u0131r\u0131m\u0131n\u0131 g\u00f6r\u00fcyorsunuz. Akdeniz\u2019deki kar\u0131\u015f\u0131kl\u0131\u011f\u0131, K\u0131z\u0131ldeniz\u2019deki kar\u0131\u015f\u0131kl\u0131\u011f\u0131, Karadeniz\u2019deki kar\u0131\u015f\u0131kl\u0131\u011f\u0131, Kafkaslar\u2019daki, Balkanlar\u2019daki \u00e7eki\u015fmeleri g\u00f6r\u00fcyorsunuz. Tam da b\u00fct\u00fcn bu co\u011frafyan\u0131n ortas\u0131nda T\u00fcrkiye istikrar i\u00e7erisinde olan, y\u0131ld\u0131z gibi parlayan bir \u00fclkedir. Birileri de T\u00fcrkiye\u2019nin bu g\u00fcc\u00fcnden, g\u00fc\u00e7lenme potansiyelinden fevkalade ciddi \u015fekilde rahats\u0131zl\u0131k duymaktad\u0131r. Nas\u0131l bizim 103 sene evvel bu topraklarda g\u00fc\u00e7l\u00fc bir \u015fekilde, birlik ve beraberlik i\u00e7erisinde, yan yana ayakta durmaktan ba\u015fka \u015fans\u0131m\u0131z yok idiyse, bug\u00fcn de a\u00e7\u0131k\u00e7as\u0131 g\u00fc\u00e7l\u00fc bir \u015fekilde aya\u011f\u0131m\u0131z\u0131 yere basarak, saflar\u0131m\u0131z\u0131 s\u0131kla\u015ft\u0131rarak, birlik ve beraberlik i\u00e7erisinde yola devam etmekten ba\u015fka hi\u00e7bir \u015fans\u0131m\u0131z yoktur. Elin o\u011flu sanmay\u0131n ki bu co\u011frafya \u00fczerindeki ve bu co\u011frafyan\u0131n amiral gemisi olan T\u00fcrkiye \u00fczerindeki hedeflerinden vazge\u00e7tiler. Ellerinden gelse T\u00fcrkiye\u2019yi iki g\u00fcnde bilmem ka\u00e7 par\u00e7aya b\u00f6lerek bu halk\u0131 istikrars\u0131zl\u0131k i\u00e7erisinde maalesef s\u00fcr\u00fcnd\u00fcrmek isterler. Onun i\u00e7in ak\u0131l ak\u0131ldan \u00fcst\u00fcnd\u00fcr. Hele hele bu milletin feraseti \u00e7ok daha g\u00fc\u00e7l\u00fcd\u00fcr, b\u00fcy\u00fckt\u00fcr. Zaman tam da yeniden g\u00fc\u00e7l\u00fc, b\u00fcy\u00fck T\u00fcrkiye olma hedeflerine \u00e7ok yakla\u015ft\u0131\u011f\u0131m\u0131z bir d\u00f6nemde, i\u00e7eride birli\u011fimizi, dirli\u011fimizi sa\u011flamak, yani i\u00e7 cephemizi tahkim etmek, d\u0131\u015far\u0131da da T\u00fcrkiye\u2019yi sayg\u0131n ve g\u00fc\u00e7l\u00fc bir \u00fclke olarak, d\u00fcnyadaki sorunlara \u00e7\u00f6z\u00fcm arayan ve \u00e7\u00f6z\u00fcm bulan bir \u00fclke pozisyonunda bu istikamette ilerletmektir.&#8221;<br \/><\/p>\n","protected":false},"excerpt":{"rendered":"<p>T\u00fcrkiye B\u00fcy\u00fck Millet Meclisi (TBMM) Ba\u015fkan\u0131 Numan Kurtulmu\u015f, \u2018Ter\u00f6rs\u00fcz T\u00fcrkiye\u2019 s\u00fcreciyle ilgili olarak, &#8220;Bu s\u00fcrecin hi\u00e7bir noktas\u0131nda ter\u00f6r \u00f6rg\u00fct\u00fcyle hi\u00e7bir pazarl\u0131k yap\u0131lmam\u0131\u015f ve bundan sonra da yap\u0131lmayacakt\u0131r. Bundan emin olunuz&#8221; dedi. B\u00fcy\u00fck Taarruz\u2019un 103\u2019\u00fcnc\u00fc y\u0131l d\u00f6n\u00fcm\u00fc dolay\u0131s\u0131yla Afyonkarahisar\u2019da bulunan TBMM Ba\u015fkan\u0131 Numan Kurtulmu\u015f, &#8220;Sivil Toplum Bulu\u015fmas\u0131&#8221; program\u0131nda sivil toplum kurulu\u015flar\u0131n\u0131n temsilcileriyle bir araya geldi. Afyonkarahisar&#8230;<\/p>\n","protected":false},"author":1,"featured_media":51395,"comment_status":"open","ping_status":"open","sticky":false,"template":"","format":"standard","meta":{"_crdt_document":"","footnotes":""},"categories":[127],"tags":[],"class_list":["post-51394","post","type-post","status-publish","format-standard","has-post-thumbnail","hentry","category-siyaset"],"_links":{"self":[{"href":"https:\/\/www.egemtv.com\/index.php?rest_route=\/wp\/v2\/posts\/51394","targetHints":{"allow":["GET"]}}],"collection":[{"href":"https:\/\/www.egemtv.com\/index.php?rest_route=\/wp\/v2\/posts"}],"about":[{"href":"https:\/\/www.egemtv.com\/index.php?rest_route=\/wp\/v2\/types\/post"}],"author":[{"embeddable":true,"href":"https:\/\/www.egemtv.com\/index.php?rest_route=\/wp\/v2\/users\/1"}],"replies":[{"embeddable":true,"href":"https:\/\/www.egemtv.com\/index.php?rest_route=%2Fwp%2Fv2%2Fcomments&post=51394"}],"version-history":[{"count":1,"href":"https:\/\/www.egemtv.com\/index.php?rest_route=\/wp\/v2\/posts\/51394\/revisions"}],"predecessor-version":[{"id":51396,"href":"https:\/\/www.egemtv.com\/index.php?rest_route=\/wp\/v2\/posts\/51394\/revisions\/51396"}],"wp:featuredmedia":[{"embeddable":true,"href":"https:\/\/www.egemtv.com\/index.php?rest_route=\/wp\/v2\/media\/51395"}],"wp:attachment":[{"href":"https:\/\/www.egemtv.com\/index.php?rest_route=%2Fwp%2Fv2%2Fmedia&parent=51394"}],"wp:term":[{"taxonomy":"category","embeddable":true,"href":"https:\/\/www.egemtv.com\/index.php?rest_route=%2Fwp%2Fv2%2Fcategories&post=51394"},{"taxonomy":"post_tag","embeddable":true,"href":"https:\/\/www.egemtv.com\/index.php?rest_route=%2Fwp%2Fv2%2Ftags&post=51394"}],"curies":[{"name":"wp","href":"https:\/\/api.w.org\/{rel}","templated":true}]}}