{"id":51391,"date":"2025-08-26T19:14:41","date_gmt":"2025-08-26T16:14:41","guid":{"rendered":"https:\/\/www.egemtv.com\/?p=51391"},"modified":"2025-08-26T19:14:41","modified_gmt":"2025-08-26T16:14:41","slug":"izmirde-43-kacak-gocmen-yakalandi-suruklenen-lastik-bottaki-19-gocmen-de-kurtarildi","status":"publish","type":"post","link":"https:\/\/www.egemtv.com\/?p=51391","title":{"rendered":"\u0130zmir\u2019de 43 ka\u00e7ak g\u00f6\u00e7men yakaland\u0131, s\u00fcr\u00fcklenen lastik bottaki 19 g\u00f6\u00e7men de kurtar\u0131ld\u0131"},"content":{"rendered":"<p>\u0130zmir a\u00e7\u0131klar\u0131nda Sahil G\u00fcvenlik ekiplerince d\u00fczenlenen iki ayr\u0131 operasyonda yasa d\u0131\u015f\u0131 yollarla yurt d\u0131\u015f\u0131na \u00e7\u0131kma giri\u015fimindeki 43 ka\u00e7ak g\u00f6\u00e7men yakalan\u0131rken, motor ar\u0131zas\u0131 nedeniyle denizde s\u00fcr\u00fcklenen lastik bottaki 19 g\u00f6\u00e7men de kurtar\u0131ld\u0131.<br \/>\n<br \/>25 A\u011fustos saat 05.50\u2019de Sahil G\u00fcvenlik \u0130nsans\u0131z Hava Arac\u0131 taraf\u0131ndan Seferihisar il\u00e7esi a\u00e7\u0131klar\u0131nda lastik bot i\u00e7erisinde d\u00fczensiz g\u00f6\u00e7menlerin oldu\u011fu tespit edildi. Bunun \u00fczerine g\u00f6revlendirilen Sahil G\u00fcvenlik gemisi \u2019TCSG-74\u2019 ve Sahil G\u00fcvenlik botu \u2019KB-22\u2019 taraf\u0131ndan durdurulan hareketli lastik bot i\u00e7erisinde 19\u2019u \u00e7ocuk 43 d\u00fczensiz g\u00f6\u00e7men yakaland\u0131.<br \/>\n<br \/>\u00d6te yandan, ayn\u0131 g\u00fcn saat 05.25 s\u0131ralar\u0131nda Dikili il\u00e7esi a\u00e7\u0131klar\u0131nda lastik botun motor ar\u0131zas\u0131 nedeniyle s\u00fcr\u00fcklendi\u011fi ve i\u00e7erisindeki g\u00f6\u00e7menlerin yard\u0131m talebinde bulundu\u011fu bilgisi \u00fczerine harekete ge\u00e7ildi. B\u00f6lgeye sevk edilen Sahil G\u00fcvenlik botu \u2019KB-107\u2019 taraf\u0131ndan lastik bot i\u00e7erisindeki 19 d\u00fczensiz g\u00f6\u00e7men kurtar\u0131ld\u0131.<br \/>\n<br \/>Yakalanan ve kurtar\u0131lan d\u00fczensiz g\u00f6\u00e7menler, i\u015flemlerinin ard\u0131ndan \u0130l G\u00f6\u00e7 \u0130daresi M\u00fcd\u00fcrl\u00fc\u011f\u00fc\u2019ne teslim edildi.<br \/><\/p>\n","protected":false},"excerpt":{"rendered":"<p>\u0130zmir a\u00e7\u0131klar\u0131nda Sahil G\u00fcvenlik ekiplerince d\u00fczenlenen iki ayr\u0131 operasyonda yasa d\u0131\u015f\u0131 yollarla yurt d\u0131\u015f\u0131na \u00e7\u0131kma giri\u015fimindeki 43 ka\u00e7ak g\u00f6\u00e7men yakalan\u0131rken, motor ar\u0131zas\u0131 nedeniyle denizde s\u00fcr\u00fcklenen lastik bottaki 19 g\u00f6\u00e7men de kurtar\u0131ld\u0131. 25 A\u011fustos saat 05.50\u2019de Sahil G\u00fcvenlik \u0130nsans\u0131z Hava Arac\u0131 taraf\u0131ndan Seferihisar il\u00e7esi a\u00e7\u0131klar\u0131nda lastik bot i\u00e7erisinde d\u00fczensiz g\u00f6\u00e7menlerin oldu\u011fu tespit edildi. Bunun \u00fczerine g\u00f6revlendirilen&#8230;<\/p>\n","protected":false},"author":1,"featured_media":51392,"comment_status":"open","ping_status":"open","sticky":false,"template":"","format":"standard","meta":{"_crdt_document":"","footnotes":""},"categories":[5],"tags":[],"class_list":["post-51391","post","type-post","status-publish","format-standard","has-post-thumbnail","hentry","category-asayis"],"_links":{"self":[{"href":"https:\/\/www.egemtv.com\/index.php?rest_route=\/wp\/v2\/posts\/51391","targetHints":{"allow":["GET"]}}],"collection":[{"href":"https:\/\/www.egemtv.com\/index.php?rest_route=\/wp\/v2\/posts"}],"about":[{"href":"https:\/\/www.egemtv.com\/index.php?rest_route=\/wp\/v2\/types\/post"}],"author":[{"embeddable":true,"href":"https:\/\/www.egemtv.com\/index.php?rest_route=\/wp\/v2\/users\/1"}],"replies":[{"embeddable":true,"href":"https:\/\/www.egemtv.com\/index.php?rest_route=%2Fwp%2Fv2%2Fcomments&post=51391"}],"version-history":[{"count":1,"href":"https:\/\/www.egemtv.com\/index.php?rest_route=\/wp\/v2\/posts\/51391\/revisions"}],"predecessor-version":[{"id":51393,"href":"https:\/\/www.egemtv.com\/index.php?rest_route=\/wp\/v2\/posts\/51391\/revisions\/51393"}],"wp:featuredmedia":[{"embeddable":true,"href":"https:\/\/www.egemtv.com\/index.php?rest_route=\/wp\/v2\/media\/51392"}],"wp:attachment":[{"href":"https:\/\/www.egemtv.com\/index.php?rest_route=%2Fwp%2Fv2%2Fmedia&parent=51391"}],"wp:term":[{"taxonomy":"category","embeddable":true,"href":"https:\/\/www.egemtv.com\/index.php?rest_route=%2Fwp%2Fv2%2Fcategories&post=51391"},{"taxonomy":"post_tag","embeddable":true,"href":"https:\/\/www.egemtv.com\/index.php?rest_route=%2Fwp%2Fv2%2Ftags&post=51391"}],"curies":[{"name":"wp","href":"https:\/\/api.w.org\/{rel}","templated":true}]}}