{"id":51388,"date":"2025-08-26T19:14:40","date_gmt":"2025-08-26T16:14:40","guid":{"rendered":"https:\/\/www.egemtv.com\/?p=51388"},"modified":"2025-08-26T19:14:41","modified_gmt":"2025-08-26T16:14:41","slug":"izmirdeki-orman-yangini-kontrol-altina-alindi","status":"publish","type":"post","link":"https:\/\/www.egemtv.com\/?p=51388","title":{"rendered":"\u0130zmir\u2019deki orman yang\u0131n\u0131 kontrol alt\u0131na al\u0131nd\u0131"},"content":{"rendered":"<p>\u0130zmir\u2019in Seferihisar il\u00e7esinde ormanl\u0131k alanda \u00e7\u0131kan yang\u0131n, havadan ve karadan saatler s\u00fcren m\u00fcdahale sonucunda kontrol alt\u0131na al\u0131nd\u0131.<br \/>\n<br \/>Yang\u0131n, saat 12.00 s\u0131ralar\u0131nda Seferihisar il\u00e7esi Beyler Mahallesi yak\u0131nlar\u0131nda bulunan ormanl\u0131k alanda \u00e7\u0131kt\u0131. \u00c7\u0131k\u0131\u015f sebebi hen\u00fcz belirlenemeyen yang\u0131n, r\u00fczgar\u0131n da etkisiyle h\u0131zla yay\u0131ld\u0131. Yang\u0131na \u0130zmir Orman B\u00f6lge M\u00fcd\u00fcrl\u00fc\u011f\u00fc ekipleri 5 u\u00e7ak, 11 helikopter ile havadan, 21 araz\u00f6z, 7 su ikmal ve 2 dozer ile karadan m\u00fcdahale ederken, itfaiye ekipleri de s\u00f6nd\u00fcrme \u00e7al\u0131\u015fmalar\u0131na destek verdi. Havadan ve karadan yap\u0131lan \u00e7al\u0131\u015fmalar sonucu yang\u0131n kontrol alt\u0131na al\u0131nd\u0131. B\u00f6lgede so\u011futma \u00e7al\u0131\u015fmalar\u0131 devam ediyor.<br \/><\/p>\n","protected":false},"excerpt":{"rendered":"<p>\u0130zmir\u2019in Seferihisar il\u00e7esinde ormanl\u0131k alanda \u00e7\u0131kan yang\u0131n, havadan ve karadan saatler s\u00fcren m\u00fcdahale sonucunda kontrol alt\u0131na al\u0131nd\u0131. Yang\u0131n, saat 12.00 s\u0131ralar\u0131nda Seferihisar il\u00e7esi Beyler Mahallesi yak\u0131nlar\u0131nda bulunan ormanl\u0131k alanda \u00e7\u0131kt\u0131. \u00c7\u0131k\u0131\u015f sebebi hen\u00fcz belirlenemeyen yang\u0131n, r\u00fczgar\u0131n da etkisiyle h\u0131zla yay\u0131ld\u0131. Yang\u0131na \u0130zmir Orman B\u00f6lge M\u00fcd\u00fcrl\u00fc\u011f\u00fc ekipleri 5 u\u00e7ak, 11 helikopter ile havadan, 21 araz\u00f6z, 7&#8230;<\/p>\n","protected":false},"author":1,"featured_media":51389,"comment_status":"open","ping_status":"open","sticky":false,"template":"","format":"standard","meta":{"_crdt_document":"","footnotes":""},"categories":[5],"tags":[],"class_list":["post-51388","post","type-post","status-publish","format-standard","has-post-thumbnail","hentry","category-asayis"],"_links":{"self":[{"href":"https:\/\/www.egemtv.com\/index.php?rest_route=\/wp\/v2\/posts\/51388","targetHints":{"allow":["GET"]}}],"collection":[{"href":"https:\/\/www.egemtv.com\/index.php?rest_route=\/wp\/v2\/posts"}],"about":[{"href":"https:\/\/www.egemtv.com\/index.php?rest_route=\/wp\/v2\/types\/post"}],"author":[{"embeddable":true,"href":"https:\/\/www.egemtv.com\/index.php?rest_route=\/wp\/v2\/users\/1"}],"replies":[{"embeddable":true,"href":"https:\/\/www.egemtv.com\/index.php?rest_route=%2Fwp%2Fv2%2Fcomments&post=51388"}],"version-history":[{"count":1,"href":"https:\/\/www.egemtv.com\/index.php?rest_route=\/wp\/v2\/posts\/51388\/revisions"}],"predecessor-version":[{"id":51390,"href":"https:\/\/www.egemtv.com\/index.php?rest_route=\/wp\/v2\/posts\/51388\/revisions\/51390"}],"wp:featuredmedia":[{"embeddable":true,"href":"https:\/\/www.egemtv.com\/index.php?rest_route=\/wp\/v2\/media\/51389"}],"wp:attachment":[{"href":"https:\/\/www.egemtv.com\/index.php?rest_route=%2Fwp%2Fv2%2Fmedia&parent=51388"}],"wp:term":[{"taxonomy":"category","embeddable":true,"href":"https:\/\/www.egemtv.com\/index.php?rest_route=%2Fwp%2Fv2%2Fcategories&post=51388"},{"taxonomy":"post_tag","embeddable":true,"href":"https:\/\/www.egemtv.com\/index.php?rest_route=%2Fwp%2Fv2%2Ftags&post=51388"}],"curies":[{"name":"wp","href":"https:\/\/api.w.org\/{rel}","templated":true}]}}