{"id":51385,"date":"2025-08-26T18:34:49","date_gmt":"2025-08-26T15:34:49","guid":{"rendered":"https:\/\/www.egemtv.com\/?p=51385"},"modified":"2025-08-26T18:34:50","modified_gmt":"2025-08-26T15:34:50","slug":"kusadasi-vav-otel-calisanlari-alacaklarinin-verilmedigi-gerekcesiyle-eylem-baslatti","status":"publish","type":"post","link":"https:\/\/www.egemtv.com\/?p=51385","title":{"rendered":"Ku\u015fadas\u0131 Vav Otel \u00e7al\u0131\u015fanlar\u0131 alacaklar\u0131n\u0131n verilmedi\u011fi gerek\u00e7esiyle eylem ba\u015flatt\u0131"},"content":{"rendered":"<p>Ayd\u0131n\u2019\u0131n Ku\u015fadas\u0131 il\u00e7esinde bulunan Vav Otel\u2019in \u00e7al\u0131\u015fanlar\u0131, aylard\u0131r maa\u015flar\u0131n\u0131 alamad\u0131klar\u0131 gerek\u00e7esiyle eylem ba\u015flatt\u0131. Otel \u00e7al\u0131\u015fanlar\u0131n\u0131n i\u015f b\u0131rakmas\u0131 nedeniyle t\u00fcm odalar\u0131 dolu olan otelin m\u00fc\u015fterilerinin ma\u011fdur oldu\u011fu belirtilirken, b\u00f6lgeye polis ekibi sevk edildi.<br \/>\n<br \/>Ku\u015fadas\u0131\u2019nda 60 bin metrekare arazi \u00fczerine kurulu olan l\u00fcks Vav Otel\u2019de \u00e7al\u0131\u015fanlar, aylard\u0131r paralar\u0131n\u0131n \u00f6denmedi\u011fi gerek\u00e7esiyle eylem ba\u015flatt\u0131. Yakla\u015f\u0131k 130 \u00e7al\u0131\u015fan\u0131 oldu\u011fu belirtilen otelde ba\u015flayan eylem nedeniyle zaman zaman gergin anlar ya\u015fand\u0131. Otel y\u00f6netimi ekonomik darbo\u011faz nedeniyle \u00fccretleri \u00f6deyemediklerini belirtirken, \u00e7al\u0131\u015fanlar m\u00fc\u015fteri olmas\u0131na ve otelin para kazanmas\u0131na ra\u011fmen a\u00e7\u0131klamay\u0131 tatmin edici bulmad\u0131klar\u0131n\u0131 belirttiler.<br \/>\n<br \/>Ya\u015fanan gerginlik ve eylemler nedeniyle otele sevk edilen polis ekipleri olaylar\u0131 yat\u0131\u015ft\u0131rmaya \u00e7al\u0131\u015f\u0131rken, eylemden dolay\u0131 oteldeki misafirlerin de ma\u011fdur oldu\u011fu belirtildi.<br \/><\/p>\n","protected":false},"excerpt":{"rendered":"<p>Ayd\u0131n\u2019\u0131n Ku\u015fadas\u0131 il\u00e7esinde bulunan Vav Otel\u2019in \u00e7al\u0131\u015fanlar\u0131, aylard\u0131r maa\u015flar\u0131n\u0131 alamad\u0131klar\u0131 gerek\u00e7esiyle eylem ba\u015flatt\u0131. Otel \u00e7al\u0131\u015fanlar\u0131n\u0131n i\u015f b\u0131rakmas\u0131 nedeniyle t\u00fcm odalar\u0131 dolu olan otelin m\u00fc\u015fterilerinin ma\u011fdur oldu\u011fu belirtilirken, b\u00f6lgeye polis ekibi sevk edildi. Ku\u015fadas\u0131\u2019nda 60 bin metrekare arazi \u00fczerine kurulu olan l\u00fcks Vav Otel\u2019de \u00e7al\u0131\u015fanlar, aylard\u0131r paralar\u0131n\u0131n \u00f6denmedi\u011fi gerek\u00e7esiyle eylem ba\u015flatt\u0131. Yakla\u015f\u0131k 130 \u00e7al\u0131\u015fan\u0131 oldu\u011fu belirtilen&#8230;<\/p>\n","protected":false},"author":1,"featured_media":51386,"comment_status":"open","ping_status":"open","sticky":false,"template":"","format":"standard","meta":{"_crdt_document":"","footnotes":""},"categories":[1],"tags":[],"class_list":["post-51385","post","type-post","status-publish","format-standard","has-post-thumbnail","hentry","category-guncel"],"_links":{"self":[{"href":"https:\/\/www.egemtv.com\/index.php?rest_route=\/wp\/v2\/posts\/51385","targetHints":{"allow":["GET"]}}],"collection":[{"href":"https:\/\/www.egemtv.com\/index.php?rest_route=\/wp\/v2\/posts"}],"about":[{"href":"https:\/\/www.egemtv.com\/index.php?rest_route=\/wp\/v2\/types\/post"}],"author":[{"embeddable":true,"href":"https:\/\/www.egemtv.com\/index.php?rest_route=\/wp\/v2\/users\/1"}],"replies":[{"embeddable":true,"href":"https:\/\/www.egemtv.com\/index.php?rest_route=%2Fwp%2Fv2%2Fcomments&post=51385"}],"version-history":[{"count":1,"href":"https:\/\/www.egemtv.com\/index.php?rest_route=\/wp\/v2\/posts\/51385\/revisions"}],"predecessor-version":[{"id":51387,"href":"https:\/\/www.egemtv.com\/index.php?rest_route=\/wp\/v2\/posts\/51385\/revisions\/51387"}],"wp:featuredmedia":[{"embeddable":true,"href":"https:\/\/www.egemtv.com\/index.php?rest_route=\/wp\/v2\/media\/51386"}],"wp:attachment":[{"href":"https:\/\/www.egemtv.com\/index.php?rest_route=%2Fwp%2Fv2%2Fmedia&parent=51385"}],"wp:term":[{"taxonomy":"category","embeddable":true,"href":"https:\/\/www.egemtv.com\/index.php?rest_route=%2Fwp%2Fv2%2Fcategories&post=51385"},{"taxonomy":"post_tag","embeddable":true,"href":"https:\/\/www.egemtv.com\/index.php?rest_route=%2Fwp%2Fv2%2Ftags&post=51385"}],"curies":[{"name":"wp","href":"https:\/\/api.w.org\/{rel}","templated":true}]}}