{"id":51382,"date":"2025-08-26T18:34:48","date_gmt":"2025-08-26T15:34:48","guid":{"rendered":"https:\/\/www.egemtv.com\/?p=51382"},"modified":"2025-08-26T18:34:49","modified_gmt":"2025-08-26T15:34:49","slug":"husumetlisine-ates-acti-kursunlar-yoldan-gecen-genc-kadina-da-isabet-etti","status":"publish","type":"post","link":"https:\/\/www.egemtv.com\/?p=51382","title":{"rendered":"Husumetlisine ate\u015f a\u00e7t\u0131, kur\u015funlar yoldan ge\u00e7en gen\u00e7 kad\u0131na da isabet etti"},"content":{"rendered":"<p>Burdur\u2019un Bucak il\u00e7esinde husumetlisine kur\u015fun ya\u011fd\u0131ran \u015fah\u0131s, olay yerinden ge\u00e7en gen\u00e7 kad\u0131n\u0131 da yaralad\u0131. Olayda yaralanan 2 ki\u015fi hastaneye kald\u0131r\u0131l\u0131rken, \u015f\u00fcpheli arac\u0131yla kay\u0131plara kar\u0131\u015ft\u0131.<br \/>\n<br \/>Olay, saat 14.35 s\u0131ralar\u0131nda Bucak il\u00e7esi Karaayvatlar Mahallesi\u2019nde bulunan bir otoparkta meydana geldi. Edinilen bilgilere g\u00f6re, aralar\u0131nda alacak-verecek meselesi bulunan Ali A. (34) ile Mustafa K. (43) otoparkta kar\u015f\u0131la\u015ft\u0131. \u00c7\u0131kan kavgada Ali A., yan\u0131ndaki tabancayla Mustafa K.\u2019ya ate\u015f a\u00e7t\u0131. A\u00e7\u0131lan ate\u015f sonucu Mustafa K., sa\u011f ve sol bacak kas\u0131k b\u00f6lgesinden yaraland\u0131. Bu s\u0131rada olay yerinden ge\u00e7en Z\u00fclal U. (22) isimli kad\u0131n da seken kur\u015funlardan birinin kas\u0131k b\u00f6lgesine isabet etmesi ile yaraland\u0131. \u00c7evredekilerin ihbar\u0131 \u00fczerine b\u00f6lgeye polis ve sa\u011fl\u0131k ekipleri sevk edildi. \u0130lk m\u00fcdahaleleri olay yerinde yap\u0131lan yaral\u0131lar, ambulansla Bucak Devlet Hastanesi\u2019ne kald\u0131r\u0131ld\u0131. Olay\u0131n ard\u0131ndan arac\u0131yla ka\u00e7an Ali A.\u2019n\u0131n yakalanmas\u0131na y\u00f6nelik \u00e7al\u0131\u015fmalar\u0131n s\u00fcrd\u00fc\u011f\u00fc bildirildi.<br \/><\/p>\n","protected":false},"excerpt":{"rendered":"<p>Burdur\u2019un Bucak il\u00e7esinde husumetlisine kur\u015fun ya\u011fd\u0131ran \u015fah\u0131s, olay yerinden ge\u00e7en gen\u00e7 kad\u0131n\u0131 da yaralad\u0131. Olayda yaralanan 2 ki\u015fi hastaneye kald\u0131r\u0131l\u0131rken, \u015f\u00fcpheli arac\u0131yla kay\u0131plara kar\u0131\u015ft\u0131. Olay, saat 14.35 s\u0131ralar\u0131nda Bucak il\u00e7esi Karaayvatlar Mahallesi\u2019nde bulunan bir otoparkta meydana geldi. Edinilen bilgilere g\u00f6re, aralar\u0131nda alacak-verecek meselesi bulunan Ali A. (34) ile Mustafa K. (43) otoparkta kar\u015f\u0131la\u015ft\u0131. \u00c7\u0131kan kavgada&#8230;<\/p>\n","protected":false},"author":1,"featured_media":51383,"comment_status":"open","ping_status":"open","sticky":false,"template":"","format":"standard","meta":{"_crdt_document":"","footnotes":""},"categories":[5],"tags":[],"class_list":["post-51382","post","type-post","status-publish","format-standard","has-post-thumbnail","hentry","category-asayis"],"_links":{"self":[{"href":"https:\/\/www.egemtv.com\/index.php?rest_route=\/wp\/v2\/posts\/51382","targetHints":{"allow":["GET"]}}],"collection":[{"href":"https:\/\/www.egemtv.com\/index.php?rest_route=\/wp\/v2\/posts"}],"about":[{"href":"https:\/\/www.egemtv.com\/index.php?rest_route=\/wp\/v2\/types\/post"}],"author":[{"embeddable":true,"href":"https:\/\/www.egemtv.com\/index.php?rest_route=\/wp\/v2\/users\/1"}],"replies":[{"embeddable":true,"href":"https:\/\/www.egemtv.com\/index.php?rest_route=%2Fwp%2Fv2%2Fcomments&post=51382"}],"version-history":[{"count":1,"href":"https:\/\/www.egemtv.com\/index.php?rest_route=\/wp\/v2\/posts\/51382\/revisions"}],"predecessor-version":[{"id":51384,"href":"https:\/\/www.egemtv.com\/index.php?rest_route=\/wp\/v2\/posts\/51382\/revisions\/51384"}],"wp:featuredmedia":[{"embeddable":true,"href":"https:\/\/www.egemtv.com\/index.php?rest_route=\/wp\/v2\/media\/51383"}],"wp:attachment":[{"href":"https:\/\/www.egemtv.com\/index.php?rest_route=%2Fwp%2Fv2%2Fmedia&parent=51382"}],"wp:term":[{"taxonomy":"category","embeddable":true,"href":"https:\/\/www.egemtv.com\/index.php?rest_route=%2Fwp%2Fv2%2Fcategories&post=51382"},{"taxonomy":"post_tag","embeddable":true,"href":"https:\/\/www.egemtv.com\/index.php?rest_route=%2Fwp%2Fv2%2Ftags&post=51382"}],"curies":[{"name":"wp","href":"https:\/\/api.w.org\/{rel}","templated":true}]}}