{"id":51379,"date":"2025-08-26T18:14:30","date_gmt":"2025-08-26T15:14:30","guid":{"rendered":"https:\/\/www.egemtv.com\/?p=51379"},"modified":"2025-08-26T18:14:31","modified_gmt":"2025-08-26T15:14:31","slug":"dalaman-aciklarinda-gezi-teknesinde-rahatsizlanan-vatandasa-tibbi-tahliye","status":"publish","type":"post","link":"https:\/\/www.egemtv.com\/?p=51379","title":{"rendered":"Dalaman a\u00e7\u0131klar\u0131nda gezi teknesinde rahats\u0131zlanan vatanda\u015fa t\u0131bbi tahliye"},"content":{"rendered":"<p>Mu\u011fla\u2019n\u0131n Dalaman il\u00e7esi a\u00e7\u0131klar\u0131nda seyreden gezi teknesinde rahats\u0131zlanan vatanda\u015f Sahil G\u00fcvenlik ekipleri taraf\u0131ndan t\u0131bbi tahliyesi ger\u00e7ekle\u015ftirildi.<br \/>\n<br \/>Dalaman il\u00e7esi a\u00e7\u0131klar\u0131nda seyreden gezi teknesinde rahats\u0131zlanan vatanda\u015f i\u00e7en yap\u0131lan yard\u0131m \u00e7a\u011fr\u0131s\u0131 sonras\u0131 b\u00f6lgelerde bulunan Sahil G\u00fcvenlik botu vatanda\u015f\u0131 k\u0131y\u0131da bekleyen 112 ambulans ekibine teslim etti.<br \/><\/p>\n","protected":false},"excerpt":{"rendered":"<p>Mu\u011fla\u2019n\u0131n Dalaman il\u00e7esi a\u00e7\u0131klar\u0131nda seyreden gezi teknesinde rahats\u0131zlanan vatanda\u015f Sahil G\u00fcvenlik ekipleri taraf\u0131ndan t\u0131bbi tahliyesi ger\u00e7ekle\u015ftirildi. Dalaman il\u00e7esi a\u00e7\u0131klar\u0131nda seyreden gezi teknesinde rahats\u0131zlanan vatanda\u015f i\u00e7en yap\u0131lan yard\u0131m \u00e7a\u011fr\u0131s\u0131 sonras\u0131 b\u00f6lgelerde bulunan Sahil G\u00fcvenlik botu vatanda\u015f\u0131 k\u0131y\u0131da bekleyen 112 ambulans ekibine teslim etti.<\/p>\n","protected":false},"author":1,"featured_media":51380,"comment_status":"open","ping_status":"open","sticky":false,"template":"","format":"standard","meta":{"_crdt_document":"","footnotes":""},"categories":[2],"tags":[],"class_list":["post-51379","post","type-post","status-publish","format-standard","has-post-thumbnail","hentry","category-saglik"],"_links":{"self":[{"href":"https:\/\/www.egemtv.com\/index.php?rest_route=\/wp\/v2\/posts\/51379","targetHints":{"allow":["GET"]}}],"collection":[{"href":"https:\/\/www.egemtv.com\/index.php?rest_route=\/wp\/v2\/posts"}],"about":[{"href":"https:\/\/www.egemtv.com\/index.php?rest_route=\/wp\/v2\/types\/post"}],"author":[{"embeddable":true,"href":"https:\/\/www.egemtv.com\/index.php?rest_route=\/wp\/v2\/users\/1"}],"replies":[{"embeddable":true,"href":"https:\/\/www.egemtv.com\/index.php?rest_route=%2Fwp%2Fv2%2Fcomments&post=51379"}],"version-history":[{"count":1,"href":"https:\/\/www.egemtv.com\/index.php?rest_route=\/wp\/v2\/posts\/51379\/revisions"}],"predecessor-version":[{"id":51381,"href":"https:\/\/www.egemtv.com\/index.php?rest_route=\/wp\/v2\/posts\/51379\/revisions\/51381"}],"wp:featuredmedia":[{"embeddable":true,"href":"https:\/\/www.egemtv.com\/index.php?rest_route=\/wp\/v2\/media\/51380"}],"wp:attachment":[{"href":"https:\/\/www.egemtv.com\/index.php?rest_route=%2Fwp%2Fv2%2Fmedia&parent=51379"}],"wp:term":[{"taxonomy":"category","embeddable":true,"href":"https:\/\/www.egemtv.com\/index.php?rest_route=%2Fwp%2Fv2%2Fcategories&post=51379"},{"taxonomy":"post_tag","embeddable":true,"href":"https:\/\/www.egemtv.com\/index.php?rest_route=%2Fwp%2Fv2%2Ftags&post=51379"}],"curies":[{"name":"wp","href":"https:\/\/api.w.org\/{rel}","templated":true}]}}