{"id":51376,"date":"2025-08-26T17:55:54","date_gmt":"2025-08-26T14:55:54","guid":{"rendered":"https:\/\/www.egemtv.com\/?p=51376"},"modified":"2025-08-26T17:55:55","modified_gmt":"2025-08-26T14:55:55","slug":"unlu-sanatcilar-incirliovada-sahne-alacak","status":"publish","type":"post","link":"https:\/\/www.egemtv.com\/?p=51376","title":{"rendered":"\u00dcnl\u00fc Sanat\u00e7\u0131lar \u0130ncirliova\u2019da Sahne Alacak"},"content":{"rendered":"<p>Ayd\u0131n B\u00fcy\u00fck\u015fehir Belediyesi ile \u0130ncirliova Belediyesi\u2019nin i\u015f birli\u011finde d\u00fczenlenecek konser etkinli\u011finde, \u00fcnl\u00fc sanat\u00e7\u0131lar \u00dcmit Besen ve Pamela, \u0130ncirlioval\u0131larla bulu\u015facak.<br \/>\n<br \/>Konser, 31 A\u011fustos Pazar ak\u015fam\u0131 saat 21.30\u2019da \u0130ncirliova Cumhuriyet Meydan\u0131\u2019nda ger\u00e7ekle\u015ftirilecek. Sanat\u00e7\u0131lar, sevilen \u015fark\u0131lar\u0131n\u0131 seslendirerek vatanda\u015flara unutulmaz bir gece ya\u015fatacak.<br \/>\n<br \/>Ba\u015fkan Kaya\u2019dan davet ve te\u015fekk\u00fcr<br \/>\n<br \/>\u0130ncirliova Belediye Ba\u015fkan\u0131 Aytekin Kaya, etkinlik \u00f6ncesi yapt\u0131\u011f\u0131 a\u00e7\u0131klamada, &#8220;30 A\u011fustos Zafer Bayram\u0131m\u0131z\u0131n hemen ard\u0131ndan hem\u015fehrilerimizle Cumhuriyet Meydan\u0131m\u0131zda bulu\u015faca\u011f\u0131z. Hem zafer co\u015fkusunu hem de m\u00fczi\u011fin g\u00fczelliklerini birlikte ya\u015fayaca\u011f\u0131z. Bu anlaml\u0131 etkinlik i\u00e7in Ayd\u0131n B\u00fcy\u00fck\u015fehir Belediyemiz ile haz\u0131rl\u0131klar\u0131m\u0131z s\u00fcr\u00fcyor. \u0130l\u00e7emizde d\u00fczenleyece\u011fimiz bu \u00f6zel etkinlik i\u00e7in Ayd\u0131n B\u00fcy\u00fck\u015fehir Belediye Ba\u015fkan\u0131m\u0131z Say\u0131n \u00d6zlem \u00c7er\u00e7io\u011flu\u2019na te\u015fekk\u00fcr ediyorum. Konser etkinli\u011fimize t\u00fcm halk\u0131m\u0131z davetlidir&#8221; ifadelerini kulland\u0131.<br \/><\/p>\n","protected":false},"excerpt":{"rendered":"<p>Ayd\u0131n B\u00fcy\u00fck\u015fehir Belediyesi ile \u0130ncirliova Belediyesi\u2019nin i\u015f birli\u011finde d\u00fczenlenecek konser etkinli\u011finde, \u00fcnl\u00fc sanat\u00e7\u0131lar \u00dcmit Besen ve Pamela, \u0130ncirlioval\u0131larla bulu\u015facak. Konser, 31 A\u011fustos Pazar ak\u015fam\u0131 saat 21.30\u2019da \u0130ncirliova Cumhuriyet Meydan\u0131\u2019nda ger\u00e7ekle\u015ftirilecek. Sanat\u00e7\u0131lar, sevilen \u015fark\u0131lar\u0131n\u0131 seslendirerek vatanda\u015flara unutulmaz bir gece ya\u015fatacak. Ba\u015fkan Kaya\u2019dan davet ve te\u015fekk\u00fcr \u0130ncirliova Belediye Ba\u015fkan\u0131 Aytekin Kaya, etkinlik \u00f6ncesi yapt\u0131\u011f\u0131 a\u00e7\u0131klamada, &#8220;30 A\u011fustos&#8230;<\/p>\n","protected":false},"author":1,"featured_media":51377,"comment_status":"open","ping_status":"open","sticky":false,"template":"","format":"standard","meta":{"_crdt_document":"","footnotes":""},"categories":[1],"tags":[],"class_list":["post-51376","post","type-post","status-publish","format-standard","has-post-thumbnail","hentry","category-guncel"],"_links":{"self":[{"href":"https:\/\/www.egemtv.com\/index.php?rest_route=\/wp\/v2\/posts\/51376","targetHints":{"allow":["GET"]}}],"collection":[{"href":"https:\/\/www.egemtv.com\/index.php?rest_route=\/wp\/v2\/posts"}],"about":[{"href":"https:\/\/www.egemtv.com\/index.php?rest_route=\/wp\/v2\/types\/post"}],"author":[{"embeddable":true,"href":"https:\/\/www.egemtv.com\/index.php?rest_route=\/wp\/v2\/users\/1"}],"replies":[{"embeddable":true,"href":"https:\/\/www.egemtv.com\/index.php?rest_route=%2Fwp%2Fv2%2Fcomments&post=51376"}],"version-history":[{"count":1,"href":"https:\/\/www.egemtv.com\/index.php?rest_route=\/wp\/v2\/posts\/51376\/revisions"}],"predecessor-version":[{"id":51378,"href":"https:\/\/www.egemtv.com\/index.php?rest_route=\/wp\/v2\/posts\/51376\/revisions\/51378"}],"wp:featuredmedia":[{"embeddable":true,"href":"https:\/\/www.egemtv.com\/index.php?rest_route=\/wp\/v2\/media\/51377"}],"wp:attachment":[{"href":"https:\/\/www.egemtv.com\/index.php?rest_route=%2Fwp%2Fv2%2Fmedia&parent=51376"}],"wp:term":[{"taxonomy":"category","embeddable":true,"href":"https:\/\/www.egemtv.com\/index.php?rest_route=%2Fwp%2Fv2%2Fcategories&post=51376"},{"taxonomy":"post_tag","embeddable":true,"href":"https:\/\/www.egemtv.com\/index.php?rest_route=%2Fwp%2Fv2%2Ftags&post=51376"}],"curies":[{"name":"wp","href":"https:\/\/api.w.org\/{rel}","templated":true}]}}