{"id":51373,"date":"2025-08-26T17:34:42","date_gmt":"2025-08-26T14:34:42","guid":{"rendered":"https:\/\/www.egemtv.com\/?p=51373"},"modified":"2025-08-26T17:34:44","modified_gmt":"2025-08-26T14:34:44","slug":"soke-eski-doganbey-koyu-camiinin-catisi-coktu","status":"publish","type":"post","link":"https:\/\/www.egemtv.com\/?p=51373","title":{"rendered":"S\u00f6ke Eski Do\u011fanbey K\u00f6y\u00fc Camii\u2019nin \u00e7at\u0131s\u0131 \u00e7\u00f6kt\u00fc"},"content":{"rendered":"<p>Ayd\u0131n\u2019\u0131n S\u00f6ke il\u00e7esine ba\u011fl\u0131 tarihi Rum evleriyle bilinen Eski Do\u011fanbey Mahallesi\u2019nde bulunan caminin \u00e7at\u0131s\u0131 \u00e7\u00f6kt\u00fc.<\/p>\n<p>Edinilen bilgiye g\u00f6re, Eski Do\u011fan Bey Mahallesi\u2019nde bulunan camiinin \u00e7at\u0131s\u0131 b\u00fcy\u00fck bir g\u00fcr\u00fclt\u00fc ile \u00e7\u00f6kt\u00fc. Uzun s\u00fcredir onar\u0131m bekledi\u011fi ifade edilen camide meydana gelen olay mahalle sakinlerini endi\u015felendirdi. Vatanda\u015flar, \u00f6zellikle ya\u011f\u0131\u015fl\u0131 havalarda daha b\u00fcy\u00fck risklerin ortaya \u00e7\u0131kabilece\u011fine dikkat \u00e7ekerek, caminin acilen restore edilmesi gerekti\u011fini vurgulad\u0131. \u00d6te yandan cemaate kapal\u0131 olmas\u0131na ra\u011fmen yak\u0131n zamanda ba\u011flanan hoparl\u00f6r ile ezan okunmaya ba\u015flanan camide; ezan s\u0131ras\u0131nda hoparl\u00f6r kablosunun bir\u00e7ok kez kesildi\u011fi de iddia edildi. Mahalle halk\u0131, &#8220;Yetkililer \u00f6ncelikle caminin \u00e7at\u0131s\u0131n\u0131 onars\u0131n, ard\u0131ndan da kabloyu kim kesiyor ara\u015ft\u0131rs\u0131n&#8221; diyerek tepkilerini dile getirdi. K\u00f6y halk\u0131, hem k\u00fclt\u00fcrel miras\u0131n korunmas\u0131 i\u00e7in tarihi caminin bir an \u00f6nce onar\u0131ma al\u0131nmas\u0131n\u0131 talep ediyor.<br \/><\/p>\n","protected":false},"excerpt":{"rendered":"<p>Ayd\u0131n\u2019\u0131n S\u00f6ke il\u00e7esine ba\u011fl\u0131 tarihi Rum evleriyle bilinen Eski Do\u011fanbey Mahallesi\u2019nde bulunan caminin \u00e7at\u0131s\u0131 \u00e7\u00f6kt\u00fc. Edinilen bilgiye g\u00f6re, Eski Do\u011fan Bey Mahallesi\u2019nde bulunan camiinin \u00e7at\u0131s\u0131 b\u00fcy\u00fck bir g\u00fcr\u00fclt\u00fc ile \u00e7\u00f6kt\u00fc. Uzun s\u00fcredir onar\u0131m bekledi\u011fi ifade edilen camide meydana gelen olay mahalle sakinlerini endi\u015felendirdi. Vatanda\u015flar, \u00f6zellikle ya\u011f\u0131\u015fl\u0131 havalarda daha b\u00fcy\u00fck risklerin ortaya \u00e7\u0131kabilece\u011fine dikkat \u00e7ekerek, caminin&#8230;<\/p>\n","protected":false},"author":1,"featured_media":51374,"comment_status":"open","ping_status":"open","sticky":false,"template":"","format":"standard","meta":{"_crdt_document":"","footnotes":""},"categories":[5],"tags":[],"class_list":["post-51373","post","type-post","status-publish","format-standard","has-post-thumbnail","hentry","category-asayis"],"_links":{"self":[{"href":"https:\/\/www.egemtv.com\/index.php?rest_route=\/wp\/v2\/posts\/51373","targetHints":{"allow":["GET"]}}],"collection":[{"href":"https:\/\/www.egemtv.com\/index.php?rest_route=\/wp\/v2\/posts"}],"about":[{"href":"https:\/\/www.egemtv.com\/index.php?rest_route=\/wp\/v2\/types\/post"}],"author":[{"embeddable":true,"href":"https:\/\/www.egemtv.com\/index.php?rest_route=\/wp\/v2\/users\/1"}],"replies":[{"embeddable":true,"href":"https:\/\/www.egemtv.com\/index.php?rest_route=%2Fwp%2Fv2%2Fcomments&post=51373"}],"version-history":[{"count":1,"href":"https:\/\/www.egemtv.com\/index.php?rest_route=\/wp\/v2\/posts\/51373\/revisions"}],"predecessor-version":[{"id":51375,"href":"https:\/\/www.egemtv.com\/index.php?rest_route=\/wp\/v2\/posts\/51373\/revisions\/51375"}],"wp:featuredmedia":[{"embeddable":true,"href":"https:\/\/www.egemtv.com\/index.php?rest_route=\/wp\/v2\/media\/51374"}],"wp:attachment":[{"href":"https:\/\/www.egemtv.com\/index.php?rest_route=%2Fwp%2Fv2%2Fmedia&parent=51373"}],"wp:term":[{"taxonomy":"category","embeddable":true,"href":"https:\/\/www.egemtv.com\/index.php?rest_route=%2Fwp%2Fv2%2Fcategories&post=51373"},{"taxonomy":"post_tag","embeddable":true,"href":"https:\/\/www.egemtv.com\/index.php?rest_route=%2Fwp%2Fv2%2Ftags&post=51373"}],"curies":[{"name":"wp","href":"https:\/\/api.w.org\/{rel}","templated":true}]}}