{"id":51370,"date":"2025-08-26T17:34:41","date_gmt":"2025-08-26T14:34:41","guid":{"rendered":"https:\/\/www.egemtv.com\/?p=51370"},"modified":"2025-08-26T17:34:42","modified_gmt":"2025-08-26T14:34:42","slug":"burdurda-kirima-ugrayan-egitim-ucagi-vinc-yardimiyla-cikarildi","status":"publish","type":"post","link":"https:\/\/www.egemtv.com\/?p=51370","title":{"rendered":"Burdur\u2019da k\u0131r\u0131ma u\u011frayan e\u011fitim u\u00e7a\u011f\u0131 vin\u00e7 yard\u0131m\u0131yla \u00e7\u0131kar\u0131ld\u0131"},"content":{"rendered":"<p>Burdur\u2019da barajdan su almak i\u00e7in deneme u\u00e7u\u015fu yapt\u0131\u011f\u0131 s\u0131rada kaza k\u0131r\u0131ma u\u011fray\u0131p ters d\u00f6nen u\u00e7ak vin\u00e7 yard\u0131m\u0131yla bulundu\u011fu yerden \u00e7\u0131kar\u0131ld\u0131.<br \/>\n<br \/>Olay, d\u00fcn saat 11.50 s\u0131ralar\u0131nda Burdur\u2019un Bucak il\u00e7esi Elsaz\u0131 k\u00f6y\u00fc yak\u0131nlar\u0131ndaki Karaca\u00f6ren Baraj\u0131\u2019nda meydana geldi. Edinilen bilgiye g\u00f6re, Antalya Orman B\u00f6lge M\u00fcd\u00fcrl\u00fc\u011f\u00fc\u2019nden havalanan yang\u0131n e\u011fitim u\u00e7a\u011f\u0131, barajdan su almak i\u00e7in deneme u\u00e7u\u015fu yapt\u0131\u011f\u0131 s\u0131rada kalk\u0131\u015f yapamayarak kaza k\u0131r\u0131ma u\u011frad\u0131. U\u00e7akta bulunan 75 ya\u015f\u0131ndaki \u0130spanyol pilot Enrique Torres Verdur ve 52 ya\u015f\u0131ndaki T\u00fcrk pilot Ayd\u0131ner \u00c7\u0131ld\u0131r, kendi imk\u00e2nlar\u0131yla su y\u00fczeyine \u00e7\u0131karak yard\u0131m bekledi. \u0130hbar \u00fczerine olay yerine AFAD, sa\u011fl\u0131k, jandarma ve itfaiye ekipleri sevk edildi. Bu s\u0131rada barajda bulunan \u00e7ift\u00e7i Ali G\u00f6kmen, bal\u0131k\u00e7\u0131 teknesiyle pilotlar\u0131 sudan k\u0131y\u0131ya \u00e7\u0131kararak sa\u011fl\u0131k ekiplerine teslim etti. \u0130lk m\u00fcdahalelerinin ard\u0131ndan hastaneye kald\u0131r\u0131lan pilotlar\u0131n sa\u011fl\u0131k durumlar\u0131n\u0131n iyi oldu\u011fu \u00f6\u011frenildi. K\u0131r\u0131ma u\u011frayan u\u00e7ak ise bug\u00fcn vin\u00e7 yard\u0131m\u0131yla barajdan \u00e7\u0131kar\u0131ld\u0131.<br \/><\/p>\n","protected":false},"excerpt":{"rendered":"<p>Burdur\u2019da barajdan su almak i\u00e7in deneme u\u00e7u\u015fu yapt\u0131\u011f\u0131 s\u0131rada kaza k\u0131r\u0131ma u\u011fray\u0131p ters d\u00f6nen u\u00e7ak vin\u00e7 yard\u0131m\u0131yla bulundu\u011fu yerden \u00e7\u0131kar\u0131ld\u0131. Olay, d\u00fcn saat 11.50 s\u0131ralar\u0131nda Burdur\u2019un Bucak il\u00e7esi Elsaz\u0131 k\u00f6y\u00fc yak\u0131nlar\u0131ndaki Karaca\u00f6ren Baraj\u0131\u2019nda meydana geldi. Edinilen bilgiye g\u00f6re, Antalya Orman B\u00f6lge M\u00fcd\u00fcrl\u00fc\u011f\u00fc\u2019nden havalanan yang\u0131n e\u011fitim u\u00e7a\u011f\u0131, barajdan su almak i\u00e7in deneme u\u00e7u\u015fu yapt\u0131\u011f\u0131 s\u0131rada kalk\u0131\u015f&#8230;<\/p>\n","protected":false},"author":1,"featured_media":51371,"comment_status":"open","ping_status":"open","sticky":false,"template":"","format":"standard","meta":{"_crdt_document":"","footnotes":""},"categories":[5],"tags":[],"class_list":["post-51370","post","type-post","status-publish","format-standard","has-post-thumbnail","hentry","category-asayis"],"_links":{"self":[{"href":"https:\/\/www.egemtv.com\/index.php?rest_route=\/wp\/v2\/posts\/51370","targetHints":{"allow":["GET"]}}],"collection":[{"href":"https:\/\/www.egemtv.com\/index.php?rest_route=\/wp\/v2\/posts"}],"about":[{"href":"https:\/\/www.egemtv.com\/index.php?rest_route=\/wp\/v2\/types\/post"}],"author":[{"embeddable":true,"href":"https:\/\/www.egemtv.com\/index.php?rest_route=\/wp\/v2\/users\/1"}],"replies":[{"embeddable":true,"href":"https:\/\/www.egemtv.com\/index.php?rest_route=%2Fwp%2Fv2%2Fcomments&post=51370"}],"version-history":[{"count":1,"href":"https:\/\/www.egemtv.com\/index.php?rest_route=\/wp\/v2\/posts\/51370\/revisions"}],"predecessor-version":[{"id":51372,"href":"https:\/\/www.egemtv.com\/index.php?rest_route=\/wp\/v2\/posts\/51370\/revisions\/51372"}],"wp:featuredmedia":[{"embeddable":true,"href":"https:\/\/www.egemtv.com\/index.php?rest_route=\/wp\/v2\/media\/51371"}],"wp:attachment":[{"href":"https:\/\/www.egemtv.com\/index.php?rest_route=%2Fwp%2Fv2%2Fmedia&parent=51370"}],"wp:term":[{"taxonomy":"category","embeddable":true,"href":"https:\/\/www.egemtv.com\/index.php?rest_route=%2Fwp%2Fv2%2Fcategories&post=51370"},{"taxonomy":"post_tag","embeddable":true,"href":"https:\/\/www.egemtv.com\/index.php?rest_route=%2Fwp%2Fv2%2Ftags&post=51370"}],"curies":[{"name":"wp","href":"https:\/\/api.w.org\/{rel}","templated":true}]}}