{"id":51367,"date":"2025-08-26T17:34:40","date_gmt":"2025-08-26T14:34:40","guid":{"rendered":"https:\/\/www.egemtv.com\/?p=51367"},"modified":"2025-08-26T17:34:40","modified_gmt":"2025-08-26T14:34:40","slug":"motosikletten-dusen-surucu-yaralandi","status":"publish","type":"post","link":"https:\/\/www.egemtv.com\/?p=51367","title":{"rendered":"Motosikletten d\u00fc\u015fen s\u00fcr\u00fcc\u00fc yaraland\u0131"},"content":{"rendered":"<p>Ayd\u0131n\u2019\u0131n Efeler il\u00e7esinde motosikletin kaymas\u0131 sonucu meydana gelen kazada s\u00fcr\u00fcc\u00fc yaraland\u0131.<\/p>\n<p>Kaza, Efeler il\u00e7esi Kurtulu\u015f Mahallesi K\u0131br\u0131s Caddesi \u00fczerinde meydana geldi. Edinilen bilgiye g\u00f6re cadde \u00fczerinde seyir halinde olan 09 ARL 395 plakal\u0131 motosikletin hen\u00fcz bilinmeyen bir nedenle hakimiyeti kayboldu. Savrularak kayan motosikletin s\u00fcr\u00fcc\u00fcs\u00fc hafif \u015fekilde yaraland\u0131. Kazay\u0131 g\u00f6renler durumu 112 Acil \u00c7a\u011fr\u0131 Merkezi\u2019ne bildirdi. \u0130hbar \u00fczerine b\u00f6lgeye polis ve sa\u011fl\u0131k ekipleri sevk edildi. Olay yerine gelen sa\u011fl\u0131k ekipleri taraf\u0131ndan ambulansta ilk m\u00fcdahalesi yap\u0131lan s\u00fcr\u00fcc\u00fc, hastaneye gitmeyi kabul etmeyerek motosikletine binip olay yerinden uzakla\u015ft\u0131.<br \/><\/p>\n","protected":false},"excerpt":{"rendered":"<p>Ayd\u0131n\u2019\u0131n Efeler il\u00e7esinde motosikletin kaymas\u0131 sonucu meydana gelen kazada s\u00fcr\u00fcc\u00fc yaraland\u0131. Kaza, Efeler il\u00e7esi Kurtulu\u015f Mahallesi K\u0131br\u0131s Caddesi \u00fczerinde meydana geldi. Edinilen bilgiye g\u00f6re cadde \u00fczerinde seyir halinde olan 09 ARL 395 plakal\u0131 motosikletin hen\u00fcz bilinmeyen bir nedenle hakimiyeti kayboldu. Savrularak kayan motosikletin s\u00fcr\u00fcc\u00fcs\u00fc hafif \u015fekilde yaraland\u0131. Kazay\u0131 g\u00f6renler durumu 112 Acil \u00c7a\u011fr\u0131 Merkezi\u2019ne bildirdi&#8230;.<\/p>\n","protected":false},"author":1,"featured_media":51368,"comment_status":"open","ping_status":"open","sticky":false,"template":"","format":"standard","meta":{"_crdt_document":"","footnotes":""},"categories":[5],"tags":[],"class_list":["post-51367","post","type-post","status-publish","format-standard","has-post-thumbnail","hentry","category-asayis"],"_links":{"self":[{"href":"https:\/\/www.egemtv.com\/index.php?rest_route=\/wp\/v2\/posts\/51367","targetHints":{"allow":["GET"]}}],"collection":[{"href":"https:\/\/www.egemtv.com\/index.php?rest_route=\/wp\/v2\/posts"}],"about":[{"href":"https:\/\/www.egemtv.com\/index.php?rest_route=\/wp\/v2\/types\/post"}],"author":[{"embeddable":true,"href":"https:\/\/www.egemtv.com\/index.php?rest_route=\/wp\/v2\/users\/1"}],"replies":[{"embeddable":true,"href":"https:\/\/www.egemtv.com\/index.php?rest_route=%2Fwp%2Fv2%2Fcomments&post=51367"}],"version-history":[{"count":1,"href":"https:\/\/www.egemtv.com\/index.php?rest_route=\/wp\/v2\/posts\/51367\/revisions"}],"predecessor-version":[{"id":51369,"href":"https:\/\/www.egemtv.com\/index.php?rest_route=\/wp\/v2\/posts\/51367\/revisions\/51369"}],"wp:featuredmedia":[{"embeddable":true,"href":"https:\/\/www.egemtv.com\/index.php?rest_route=\/wp\/v2\/media\/51368"}],"wp:attachment":[{"href":"https:\/\/www.egemtv.com\/index.php?rest_route=%2Fwp%2Fv2%2Fmedia&parent=51367"}],"wp:term":[{"taxonomy":"category","embeddable":true,"href":"https:\/\/www.egemtv.com\/index.php?rest_route=%2Fwp%2Fv2%2Fcategories&post=51367"},{"taxonomy":"post_tag","embeddable":true,"href":"https:\/\/www.egemtv.com\/index.php?rest_route=%2Fwp%2Fv2%2Ftags&post=51367"}],"curies":[{"name":"wp","href":"https:\/\/api.w.org\/{rel}","templated":true}]}}