{"id":51361,"date":"2025-08-26T17:15:01","date_gmt":"2025-08-26T14:15:01","guid":{"rendered":"https:\/\/www.egemtv.com\/?p=51361"},"modified":"2025-08-26T17:15:03","modified_gmt":"2025-08-26T14:15:03","slug":"bucakta-uyusturucu-operasyonu-3-tutuklama","status":"publish","type":"post","link":"https:\/\/www.egemtv.com\/?p=51361","title":{"rendered":"Bucak\u2019ta uyu\u015fturucu operasyonu: 3 tutuklama"},"content":{"rendered":"<p>Burdur \u0130l Emniyet M\u00fcd\u00fcrl\u00fc\u011f\u00fc ekiplerince d\u00fczenlenen operasyonda, bin kullan\u0131ml\u0131k sentetik kannabinoid emdirilmi\u015f ka\u011f\u0131t ele ge\u00e7irildi. G\u00f6zalt\u0131na al\u0131nan 3 \u015f\u00fcpheli \u00e7\u0131kar\u0131ld\u0131klar\u0131 mahkemece tutukland\u0131.<br \/>\n<br \/>Burdur \u0130l Emniyet M\u00fcd\u00fcrl\u00fc\u011f\u00fc Narkotik Su\u00e7larla M\u00fccadele ekipleri, Bucak Cumhuriyet Ba\u015fsavc\u0131l\u0131\u011f\u0131 koordinesinde uyu\u015fturucu ticareti yapan ve kullanan \u015fah\u0131slara y\u00f6nelik operasyon ger\u00e7ekle\u015ftirdi. Ge\u00e7ti\u011fimiz g\u00fcn Bucak il\u00e7esinde yap\u0131lan \u00e7al\u0131\u015fmalar kapsam\u0131nda A.O.U., M.S. ve M.H. isimli \u015f\u00fcphelilerin \u00fczerlerinde arama yap\u0131ld\u0131. Aramalarda, yakla\u015f\u0131k bin kullan\u0131ml\u0131k sentetik kannabinoid enjekte edilmi\u015f ka\u011f\u0131t par\u00e7alar\u0131 ele ge\u00e7irildi. \u2019Uyu\u015fturucu veya uyar\u0131c\u0131 madde imal ve ticareti\u2019 su\u00e7u kapsam\u0131nda g\u00f6zalt\u0131na al\u0131nan 3 \u015f\u00fcpheli, emniyetteki i\u015flemlerinin ard\u0131ndan adliyeye sevk edildi. Mahkemeye \u00e7\u0131kar\u0131lan 3 \u015fah\u0131s, tutuklanarak cezaevine g\u00f6nderildi.<br \/><\/p>\n","protected":false},"excerpt":{"rendered":"<p>Burdur \u0130l Emniyet M\u00fcd\u00fcrl\u00fc\u011f\u00fc ekiplerince d\u00fczenlenen operasyonda, bin kullan\u0131ml\u0131k sentetik kannabinoid emdirilmi\u015f ka\u011f\u0131t ele ge\u00e7irildi. G\u00f6zalt\u0131na al\u0131nan 3 \u015f\u00fcpheli \u00e7\u0131kar\u0131ld\u0131klar\u0131 mahkemece tutukland\u0131. Burdur \u0130l Emniyet M\u00fcd\u00fcrl\u00fc\u011f\u00fc Narkotik Su\u00e7larla M\u00fccadele ekipleri, Bucak Cumhuriyet Ba\u015fsavc\u0131l\u0131\u011f\u0131 koordinesinde uyu\u015fturucu ticareti yapan ve kullanan \u015fah\u0131slara y\u00f6nelik operasyon ger\u00e7ekle\u015ftirdi. Ge\u00e7ti\u011fimiz g\u00fcn Bucak il\u00e7esinde yap\u0131lan \u00e7al\u0131\u015fmalar kapsam\u0131nda A.O.U., M.S. ve M.H. isimli&#8230;<\/p>\n","protected":false},"author":1,"featured_media":51362,"comment_status":"open","ping_status":"open","sticky":false,"template":"","format":"standard","meta":{"_crdt_document":"","footnotes":""},"categories":[5],"tags":[],"class_list":["post-51361","post","type-post","status-publish","format-standard","has-post-thumbnail","hentry","category-asayis"],"_links":{"self":[{"href":"https:\/\/www.egemtv.com\/index.php?rest_route=\/wp\/v2\/posts\/51361","targetHints":{"allow":["GET"]}}],"collection":[{"href":"https:\/\/www.egemtv.com\/index.php?rest_route=\/wp\/v2\/posts"}],"about":[{"href":"https:\/\/www.egemtv.com\/index.php?rest_route=\/wp\/v2\/types\/post"}],"author":[{"embeddable":true,"href":"https:\/\/www.egemtv.com\/index.php?rest_route=\/wp\/v2\/users\/1"}],"replies":[{"embeddable":true,"href":"https:\/\/www.egemtv.com\/index.php?rest_route=%2Fwp%2Fv2%2Fcomments&post=51361"}],"version-history":[{"count":1,"href":"https:\/\/www.egemtv.com\/index.php?rest_route=\/wp\/v2\/posts\/51361\/revisions"}],"predecessor-version":[{"id":51363,"href":"https:\/\/www.egemtv.com\/index.php?rest_route=\/wp\/v2\/posts\/51361\/revisions\/51363"}],"wp:featuredmedia":[{"embeddable":true,"href":"https:\/\/www.egemtv.com\/index.php?rest_route=\/wp\/v2\/media\/51362"}],"wp:attachment":[{"href":"https:\/\/www.egemtv.com\/index.php?rest_route=%2Fwp%2Fv2%2Fmedia&parent=51361"}],"wp:term":[{"taxonomy":"category","embeddable":true,"href":"https:\/\/www.egemtv.com\/index.php?rest_route=%2Fwp%2Fv2%2Fcategories&post=51361"},{"taxonomy":"post_tag","embeddable":true,"href":"https:\/\/www.egemtv.com\/index.php?rest_route=%2Fwp%2Fv2%2Ftags&post=51361"}],"curies":[{"name":"wp","href":"https:\/\/api.w.org\/{rel}","templated":true}]}}