{"id":51358,"date":"2025-08-26T16:56:48","date_gmt":"2025-08-26T13:56:48","guid":{"rendered":"https:\/\/www.egemtv.com\/?p=51358"},"modified":"2025-08-26T16:56:49","modified_gmt":"2025-08-26T13:56:49","slug":"seydikemer-orman-yangini-kisa-surede-kontrol-altina-alindi","status":"publish","type":"post","link":"https:\/\/www.egemtv.com\/?p=51358","title":{"rendered":"Seydikemer orman yang\u0131n\u0131 k\u0131sa s\u00fcrede kontrol alt\u0131na al\u0131nd\u0131"},"content":{"rendered":"<p>Mu\u011fla\u2019n\u0131n Seydikemer il\u00e7esi Yakac\u0131k b\u00f6lgesinde ba\u015flayan orman yang\u0131n\u0131 ekiplerin havadan ve karadan m\u00fcdahalesi ile k\u0131sa s\u00fcrede kontrol alt\u0131na al\u0131nd\u0131.<br \/>\n<br \/>Mu\u011fla\u2019n\u0131n Seydikemer il\u00e7esi Yakac\u0131k b\u00f6lgesinde ba\u015flayan orman yang\u0131n\u0131 sonras\u0131 b\u00f6lgeye kara ve hava ara\u00e7lar\u0131 sevk edildi. Ekiplerin yo\u011fun m\u00fcdahalesi sonras\u0131 yang\u0131n, b\u00fcy\u00fcmeden kontrol alt\u0131na al\u0131nd\u0131 ve b\u00f6lgede so\u011futma \u00e7al\u0131\u015fmas\u0131 ba\u015flat\u0131ld\u0131.<br \/><\/p>\n","protected":false},"excerpt":{"rendered":"<p>Mu\u011fla\u2019n\u0131n Seydikemer il\u00e7esi Yakac\u0131k b\u00f6lgesinde ba\u015flayan orman yang\u0131n\u0131 ekiplerin havadan ve karadan m\u00fcdahalesi ile k\u0131sa s\u00fcrede kontrol alt\u0131na al\u0131nd\u0131. Mu\u011fla\u2019n\u0131n Seydikemer il\u00e7esi Yakac\u0131k b\u00f6lgesinde ba\u015flayan orman yang\u0131n\u0131 sonras\u0131 b\u00f6lgeye kara ve hava ara\u00e7lar\u0131 sevk edildi. Ekiplerin yo\u011fun m\u00fcdahalesi sonras\u0131 yang\u0131n, b\u00fcy\u00fcmeden kontrol alt\u0131na al\u0131nd\u0131 ve b\u00f6lgede so\u011futma \u00e7al\u0131\u015fmas\u0131 ba\u015flat\u0131ld\u0131.<\/p>\n","protected":false},"author":1,"featured_media":51359,"comment_status":"open","ping_status":"open","sticky":false,"template":"","format":"standard","meta":{"_crdt_document":"","footnotes":""},"categories":[5],"tags":[],"class_list":["post-51358","post","type-post","status-publish","format-standard","has-post-thumbnail","hentry","category-asayis"],"_links":{"self":[{"href":"https:\/\/www.egemtv.com\/index.php?rest_route=\/wp\/v2\/posts\/51358","targetHints":{"allow":["GET"]}}],"collection":[{"href":"https:\/\/www.egemtv.com\/index.php?rest_route=\/wp\/v2\/posts"}],"about":[{"href":"https:\/\/www.egemtv.com\/index.php?rest_route=\/wp\/v2\/types\/post"}],"author":[{"embeddable":true,"href":"https:\/\/www.egemtv.com\/index.php?rest_route=\/wp\/v2\/users\/1"}],"replies":[{"embeddable":true,"href":"https:\/\/www.egemtv.com\/index.php?rest_route=%2Fwp%2Fv2%2Fcomments&post=51358"}],"version-history":[{"count":1,"href":"https:\/\/www.egemtv.com\/index.php?rest_route=\/wp\/v2\/posts\/51358\/revisions"}],"predecessor-version":[{"id":51360,"href":"https:\/\/www.egemtv.com\/index.php?rest_route=\/wp\/v2\/posts\/51358\/revisions\/51360"}],"wp:featuredmedia":[{"embeddable":true,"href":"https:\/\/www.egemtv.com\/index.php?rest_route=\/wp\/v2\/media\/51359"}],"wp:attachment":[{"href":"https:\/\/www.egemtv.com\/index.php?rest_route=%2Fwp%2Fv2%2Fmedia&parent=51358"}],"wp:term":[{"taxonomy":"category","embeddable":true,"href":"https:\/\/www.egemtv.com\/index.php?rest_route=%2Fwp%2Fv2%2Fcategories&post=51358"},{"taxonomy":"post_tag","embeddable":true,"href":"https:\/\/www.egemtv.com\/index.php?rest_route=%2Fwp%2Fv2%2Ftags&post=51358"}],"curies":[{"name":"wp","href":"https:\/\/api.w.org\/{rel}","templated":true}]}}