{"id":51355,"date":"2025-08-26T16:56:47","date_gmt":"2025-08-26T13:56:47","guid":{"rendered":"https:\/\/www.egemtv.com\/?p=51355"},"modified":"2025-08-26T16:56:48","modified_gmt":"2025-08-26T13:56:48","slug":"mcbu-sporcusu-karatede-avrupa-ikinciligi-kazandi","status":"publish","type":"post","link":"https:\/\/www.egemtv.com\/?p=51355","title":{"rendered":"MCB\u00dc sporcusu karatede Avrupa ikincili\u011fi kazand\u0131"},"content":{"rendered":"<p>Manisa Celal Bayar \u00dcniversitesi \u00f6\u011frencisi Beyza Nur Akg\u00fcl, Polonya\u2019n\u0131n Var\u015fova kentinde d\u00fczenlenen 2025 Avrupa \u00dcniversiteler Karate \u015eampiyonas\u0131\u2019nda \u00f6nemli bir ba\u015far\u0131ya imza att\u0131. 145 \u00fcniversiteden 326 sporcunun kat\u0131l\u0131m g\u00f6sterdi\u011fi \u015fampiyonada finale y\u00fckselen Akg\u00fcl, Avrupa ikincili\u011fini elde ederek g\u00fcm\u00fc\u015f madalya kazand\u0131. Akg\u00fcl, MCB\u00dc ad\u0131na Avrupa \u00dcniversiteler Karate \u015eampiyonas\u0131\u2019nda madalya kazanan ilk sporcu olma unvan\u0131n\u0131 da elde etti.<br \/>\n<br \/>Polonya\u2019n\u0131n Var\u015fova kentinde d\u00fczenlenen 2025 Avrupa \u00dcniversiteler Karate \u015eampiyonas\u0131\u2019nda Manisa Celal Bayar \u00dcniversitesi \u00f6\u011frencisi olan Beyza Nur Akg\u00fcl ikinci olarak \u00fcniversite tarihine ge\u00e7ti. Akg\u00fcl ald\u0131\u011f\u0131 ikincilik madalyas\u0131 ile Manisa Celal Bayar \u00dcniversitesinin, Avrupa \u00dcniversiteler Karate \u015eampiyonas\u0131\u2019nda madalya kazanan ilk sporcusu unvan\u0131n\u0131 elde etti.<br \/>\n<br \/>MCB\u00dc Karate Tak\u0131m\u0131 genel s\u0131ralamada 17. s\u0131rada yer al\u0131rken, tak\u0131m sporcular\u0131ndan K\u00fcbra Yaz\u0131c\u0131, Nurbade B\u00fcber ve G\u00fcl\u00e7in Aky\u0131ld\u0131z da turnuvada \u00e7eyrek finale y\u00fckselerek \u00fcniversiteyi ba\u015far\u0131yla temsil etti.<br \/>\n<br \/>Karate Tak\u0131m\u0131 Antren\u00f6r\u00fc Prof. Dr. P\u0131nar G\u00fczel G\u00fcrb\u00fcz, elde edilen ba\u015far\u0131n\u0131n ard\u0131ndan yapt\u0131\u011f\u0131 a\u00e7\u0131klamada, &#8220;Bu \u00f6nemli ba\u015far\u0131da eme\u011fi ge\u00e7en ba\u015fta Rekt\u00f6r\u00fcm\u00fcz Prof. Dr. Rana Kibar olmak \u00fczere, s\u00fcrecin her a\u015famas\u0131nda desteklerini esirgemeyen akademik ve idari kadromuza te\u015fekk\u00fcr ederiz. Manisa Celal Bayar \u00dcniversitesi olarak sporun her alan\u0131nda, ulusal ve uluslararas\u0131 ba\u015far\u0131lar\u0131n devam\u0131 i\u00e7in \u00e7al\u0131\u015fmalar\u0131m\u0131z\u0131 kararl\u0131l\u0131kla s\u00fcrd\u00fcrece\u011fiz&#8221; ifadelerine yer verdi.<br \/><\/p>\n","protected":false},"excerpt":{"rendered":"<p>Manisa Celal Bayar \u00dcniversitesi \u00f6\u011frencisi Beyza Nur Akg\u00fcl, Polonya\u2019n\u0131n Var\u015fova kentinde d\u00fczenlenen 2025 Avrupa \u00dcniversiteler Karate \u015eampiyonas\u0131\u2019nda \u00f6nemli bir ba\u015far\u0131ya imza att\u0131. 145 \u00fcniversiteden 326 sporcunun kat\u0131l\u0131m g\u00f6sterdi\u011fi \u015fampiyonada finale y\u00fckselen Akg\u00fcl, Avrupa ikincili\u011fini elde ederek g\u00fcm\u00fc\u015f madalya kazand\u0131. Akg\u00fcl, MCB\u00dc ad\u0131na Avrupa \u00dcniversiteler Karate \u015eampiyonas\u0131\u2019nda madalya kazanan ilk sporcu olma unvan\u0131n\u0131 da elde etti&#8230;.<\/p>\n","protected":false},"author":1,"featured_media":51356,"comment_status":"open","ping_status":"open","sticky":false,"template":"","format":"standard","meta":{"_crdt_document":"","footnotes":""},"categories":[4],"tags":[],"class_list":["post-51355","post","type-post","status-publish","format-standard","has-post-thumbnail","hentry","category-spor"],"_links":{"self":[{"href":"https:\/\/www.egemtv.com\/index.php?rest_route=\/wp\/v2\/posts\/51355","targetHints":{"allow":["GET"]}}],"collection":[{"href":"https:\/\/www.egemtv.com\/index.php?rest_route=\/wp\/v2\/posts"}],"about":[{"href":"https:\/\/www.egemtv.com\/index.php?rest_route=\/wp\/v2\/types\/post"}],"author":[{"embeddable":true,"href":"https:\/\/www.egemtv.com\/index.php?rest_route=\/wp\/v2\/users\/1"}],"replies":[{"embeddable":true,"href":"https:\/\/www.egemtv.com\/index.php?rest_route=%2Fwp%2Fv2%2Fcomments&post=51355"}],"version-history":[{"count":1,"href":"https:\/\/www.egemtv.com\/index.php?rest_route=\/wp\/v2\/posts\/51355\/revisions"}],"predecessor-version":[{"id":51357,"href":"https:\/\/www.egemtv.com\/index.php?rest_route=\/wp\/v2\/posts\/51355\/revisions\/51357"}],"wp:featuredmedia":[{"embeddable":true,"href":"https:\/\/www.egemtv.com\/index.php?rest_route=\/wp\/v2\/media\/51356"}],"wp:attachment":[{"href":"https:\/\/www.egemtv.com\/index.php?rest_route=%2Fwp%2Fv2%2Fmedia&parent=51355"}],"wp:term":[{"taxonomy":"category","embeddable":true,"href":"https:\/\/www.egemtv.com\/index.php?rest_route=%2Fwp%2Fv2%2Fcategories&post=51355"},{"taxonomy":"post_tag","embeddable":true,"href":"https:\/\/www.egemtv.com\/index.php?rest_route=%2Fwp%2Fv2%2Ftags&post=51355"}],"curies":[{"name":"wp","href":"https:\/\/api.w.org\/{rel}","templated":true}]}}