{"id":51349,"date":"2025-08-26T16:34:55","date_gmt":"2025-08-26T13:34:55","guid":{"rendered":"https:\/\/www.egemtv.com\/?p=51349"},"modified":"2025-08-26T16:34:55","modified_gmt":"2025-08-26T13:34:55","slug":"otomobilin-sikistirdigi-iddia-edilen-motosiklet-surucusu-yaralandi","status":"publish","type":"post","link":"https:\/\/www.egemtv.com\/?p=51349","title":{"rendered":"Otomobilin s\u0131k\u0131\u015ft\u0131rd\u0131\u011f\u0131 iddia edilen motosiklet s\u00fcr\u00fcc\u00fcs\u00fc yaraland\u0131"},"content":{"rendered":"<p>Ayd\u0131n\u2019\u0131n Efeler il\u00e7esinde iddiaya g\u00f6re bir otomobilin s\u0131k\u0131\u015ft\u0131rmas\u0131yla fren yaparak savrulan motosiklet s\u00fcr\u00fcc\u00fcs\u00fc, meydana gelen kazada yaraland\u0131.<br \/>\n<br \/>Kaza, Efeler il\u00e7esi Hasanefendi Mahallesi K\u0131z\u0131lay Caddesi \u00fczerinde meydana geldi. Edinilen bilgiye g\u00f6re 09 A.. 740 plakal\u0131 motosiklet s\u00fcr\u00fcc\u00fcs\u00fc, iddiaya g\u00f6re Gen\u00e7lik Caddesi\u2019nden K\u0131z\u0131lay Caddesi\u2019ne d\u00f6n\u00fc\u015f yapmak isteyen bir otomobilin kendisini s\u0131k\u0131\u015ft\u0131rmas\u0131 sonucu panikleyip fren yapt\u0131. Kald\u0131r\u0131m ile yol aras\u0131nda kalan motosikletin kaymas\u0131 sonucu motosiklet s\u00fcr\u00fcc\u00fcs\u00fc gen\u00e7 kad\u0131n, asfalt zemine savrularak yaraland\u0131. Kazay\u0131 g\u00f6renler durumu 112 Acil \u00c7a\u011fr\u0131 Merkezi\u2019ne bildirdi. \u0130hbar \u00fczerine b\u00f6lgeye polis ve sa\u011fl\u0131k ekipleri sevk edildi. K\u0131sa s\u00fcrede olay yerine gelen sa\u011fl\u0131k ekipleri, ilk m\u00fcdahalenin ard\u0131ndan yaral\u0131 s\u00fcr\u00fcc\u00fcy\u00fc ambulansla Ayd\u0131n Devlet Hastanesi\u2019ne kald\u0131rd\u0131. Yaral\u0131n\u0131n hayati tehlikesinin bulunmad\u0131\u011f\u0131 \u00f6\u011frenilirken, kaza ile ilgili inceleme ba\u015flat\u0131ld\u0131.<br \/><\/p>\n","protected":false},"excerpt":{"rendered":"<p>Ayd\u0131n\u2019\u0131n Efeler il\u00e7esinde iddiaya g\u00f6re bir otomobilin s\u0131k\u0131\u015ft\u0131rmas\u0131yla fren yaparak savrulan motosiklet s\u00fcr\u00fcc\u00fcs\u00fc, meydana gelen kazada yaraland\u0131. Kaza, Efeler il\u00e7esi Hasanefendi Mahallesi K\u0131z\u0131lay Caddesi \u00fczerinde meydana geldi. Edinilen bilgiye g\u00f6re 09 A.. 740 plakal\u0131 motosiklet s\u00fcr\u00fcc\u00fcs\u00fc, iddiaya g\u00f6re Gen\u00e7lik Caddesi\u2019nden K\u0131z\u0131lay Caddesi\u2019ne d\u00f6n\u00fc\u015f yapmak isteyen bir otomobilin kendisini s\u0131k\u0131\u015ft\u0131rmas\u0131 sonucu panikleyip fren yapt\u0131. Kald\u0131r\u0131m ile&#8230;<\/p>\n","protected":false},"author":1,"featured_media":51350,"comment_status":"open","ping_status":"open","sticky":false,"template":"","format":"standard","meta":{"_crdt_document":"","footnotes":""},"categories":[5],"tags":[],"class_list":["post-51349","post","type-post","status-publish","format-standard","has-post-thumbnail","hentry","category-asayis"],"_links":{"self":[{"href":"https:\/\/www.egemtv.com\/index.php?rest_route=\/wp\/v2\/posts\/51349","targetHints":{"allow":["GET"]}}],"collection":[{"href":"https:\/\/www.egemtv.com\/index.php?rest_route=\/wp\/v2\/posts"}],"about":[{"href":"https:\/\/www.egemtv.com\/index.php?rest_route=\/wp\/v2\/types\/post"}],"author":[{"embeddable":true,"href":"https:\/\/www.egemtv.com\/index.php?rest_route=\/wp\/v2\/users\/1"}],"replies":[{"embeddable":true,"href":"https:\/\/www.egemtv.com\/index.php?rest_route=%2Fwp%2Fv2%2Fcomments&post=51349"}],"version-history":[{"count":1,"href":"https:\/\/www.egemtv.com\/index.php?rest_route=\/wp\/v2\/posts\/51349\/revisions"}],"predecessor-version":[{"id":51351,"href":"https:\/\/www.egemtv.com\/index.php?rest_route=\/wp\/v2\/posts\/51349\/revisions\/51351"}],"wp:featuredmedia":[{"embeddable":true,"href":"https:\/\/www.egemtv.com\/index.php?rest_route=\/wp\/v2\/media\/51350"}],"wp:attachment":[{"href":"https:\/\/www.egemtv.com\/index.php?rest_route=%2Fwp%2Fv2%2Fmedia&parent=51349"}],"wp:term":[{"taxonomy":"category","embeddable":true,"href":"https:\/\/www.egemtv.com\/index.php?rest_route=%2Fwp%2Fv2%2Fcategories&post=51349"},{"taxonomy":"post_tag","embeddable":true,"href":"https:\/\/www.egemtv.com\/index.php?rest_route=%2Fwp%2Fv2%2Ftags&post=51349"}],"curies":[{"name":"wp","href":"https:\/\/api.w.org\/{rel}","templated":true}]}}