{"id":51346,"date":"2025-08-26T16:14:53","date_gmt":"2025-08-26T13:14:53","guid":{"rendered":"https:\/\/www.egemtv.com\/?p=51346"},"modified":"2025-08-26T16:14:53","modified_gmt":"2025-08-26T13:14:53","slug":"iki-cocuk-annesi-kezbanin-katil-zanlisi-yakalandi","status":"publish","type":"post","link":"https:\/\/www.egemtv.com\/?p=51346","title":{"rendered":"iki \u00e7ocuk annesi Kezban\u2019\u0131n katil zanl\u0131s\u0131 yakaland\u0131"},"content":{"rendered":"<p>Mu\u011fla\u2019n\u0131n Milas il\u00e7esinde \u00f6nceki g\u00fcn ak\u015fam evine yak\u0131n bir yerde silahl\u0131 sald\u0131r\u0131 sonucu hayat\u0131n\u0131 kaybeden iki \u00e7ocuk annesi 43 ya\u015f\u0131ndaki Kezban S\u00fcne\u2019nin katil zanl\u0131s\u0131n\u0131n \u0130zmir\u2019de yakalanarak g\u00f6zalt\u0131na al\u0131nd\u0131\u011f\u0131 \u00f6\u011frenildi.<br \/>\n<br \/>Olay \u00f6nceki ak\u015fam \u0130smetpa\u015fa Mahallesi \u00d6zg\u00fcrl\u00fck Sokak\u2019ta meydana gelmi\u015fti. Edinilen bilgiye g\u00f6re; i\u015ften evine d\u00f6nen Kezban S\u00fcne (43) av t\u00fcfe\u011fi ile u\u011frad\u0131\u011f\u0131 silahl\u0131 sald\u0131r\u0131 sonucu hayat\u0131n\u0131 kaybetmi\u015fti. Soru\u015fturma kapsam\u0131nda \u015f\u00fcpheli olarak aranan B\u00fclent K. (53), g\u00fcvenlik birimlerince \u0130zmir Alia\u011fa Jandarma Uygulama Noktas\u0131\u2019nda yakalan\u0131p g\u00f6zalt\u0131na al\u0131nd\u0131.<br \/>\n<br \/>Olay\u0131n ard\u0131ndan b\u00f6lgede yap\u0131lan incelemelerde cinayette kullan\u0131lan bir adet av t\u00fcfe\u011fi ile 1 dolu 2 adet de bo\u015f kartu\u015f ele ge\u00e7irilmi\u015fti. Tan\u0131k ifadeleri ve kamera g\u00f6r\u00fcnt\u00fcleri do\u011frultusunda katilin kimli\u011fini belirleyen g\u00fcvenlik g\u00fc\u00e7leri \u00e7al\u0131\u015fma ba\u015flatt\u0131. \u0130ki \u00e7ocuk annesi olan Kezban S\u00fcne\u2019nin cenazesi otopsi i\u00e7in Mu\u011fla Adli T\u0131p Kurumu\u2019na g\u00f6nderilmi\u015fti.<br \/>\n<br \/>Olay\u0131n \u015f\u00fcphelisi B\u00fclent K.\u2019n\u0131n jandarmadaki i\u015flemlerinin ard\u0131ndan mahkemeye sevk edilece\u011fi \u00f6\u011frenildi.<br \/><\/p>\n","protected":false},"excerpt":{"rendered":"<p>Mu\u011fla\u2019n\u0131n Milas il\u00e7esinde \u00f6nceki g\u00fcn ak\u015fam evine yak\u0131n bir yerde silahl\u0131 sald\u0131r\u0131 sonucu hayat\u0131n\u0131 kaybeden iki \u00e7ocuk annesi 43 ya\u015f\u0131ndaki Kezban S\u00fcne\u2019nin katil zanl\u0131s\u0131n\u0131n \u0130zmir\u2019de yakalanarak g\u00f6zalt\u0131na al\u0131nd\u0131\u011f\u0131 \u00f6\u011frenildi. Olay \u00f6nceki ak\u015fam \u0130smetpa\u015fa Mahallesi \u00d6zg\u00fcrl\u00fck Sokak\u2019ta meydana gelmi\u015fti. Edinilen bilgiye g\u00f6re; i\u015ften evine d\u00f6nen Kezban S\u00fcne (43) av t\u00fcfe\u011fi ile u\u011frad\u0131\u011f\u0131 silahl\u0131 sald\u0131r\u0131 sonucu hayat\u0131n\u0131&#8230;<\/p>\n","protected":false},"author":1,"featured_media":51347,"comment_status":"open","ping_status":"open","sticky":false,"template":"","format":"standard","meta":{"_crdt_document":"","footnotes":""},"categories":[5],"tags":[],"class_list":["post-51346","post","type-post","status-publish","format-standard","has-post-thumbnail","hentry","category-asayis"],"_links":{"self":[{"href":"https:\/\/www.egemtv.com\/index.php?rest_route=\/wp\/v2\/posts\/51346","targetHints":{"allow":["GET"]}}],"collection":[{"href":"https:\/\/www.egemtv.com\/index.php?rest_route=\/wp\/v2\/posts"}],"about":[{"href":"https:\/\/www.egemtv.com\/index.php?rest_route=\/wp\/v2\/types\/post"}],"author":[{"embeddable":true,"href":"https:\/\/www.egemtv.com\/index.php?rest_route=\/wp\/v2\/users\/1"}],"replies":[{"embeddable":true,"href":"https:\/\/www.egemtv.com\/index.php?rest_route=%2Fwp%2Fv2%2Fcomments&post=51346"}],"version-history":[{"count":1,"href":"https:\/\/www.egemtv.com\/index.php?rest_route=\/wp\/v2\/posts\/51346\/revisions"}],"predecessor-version":[{"id":51348,"href":"https:\/\/www.egemtv.com\/index.php?rest_route=\/wp\/v2\/posts\/51346\/revisions\/51348"}],"wp:featuredmedia":[{"embeddable":true,"href":"https:\/\/www.egemtv.com\/index.php?rest_route=\/wp\/v2\/media\/51347"}],"wp:attachment":[{"href":"https:\/\/www.egemtv.com\/index.php?rest_route=%2Fwp%2Fv2%2Fmedia&parent=51346"}],"wp:term":[{"taxonomy":"category","embeddable":true,"href":"https:\/\/www.egemtv.com\/index.php?rest_route=%2Fwp%2Fv2%2Fcategories&post=51346"},{"taxonomy":"post_tag","embeddable":true,"href":"https:\/\/www.egemtv.com\/index.php?rest_route=%2Fwp%2Fv2%2Ftags&post=51346"}],"curies":[{"name":"wp","href":"https:\/\/api.w.org\/{rel}","templated":true}]}}