{"id":51343,"date":"2025-08-26T15:55:32","date_gmt":"2025-08-26T12:55:32","guid":{"rendered":"https:\/\/www.egemtv.com\/?p=51343"},"modified":"2025-08-26T15:55:33","modified_gmt":"2025-08-26T12:55:33","slug":"bodrum-zafer-bayramina-hazirlaniyor","status":"publish","type":"post","link":"https:\/\/www.egemtv.com\/?p=51343","title":{"rendered":"Bodrum, Zafer Bayram\u0131\u2019na haz\u0131rlan\u0131yor"},"content":{"rendered":"<p>30 A\u011fustos Zafer Bayram\u0131\u2019n\u0131n 103. y\u0131l\u0131 dolay\u0131s\u0131yla Bodrum\u2019un d\u00f6rt ayr\u0131 noktas\u0131nda kutlama program\u0131 d\u00fczenleniyor.<\/p>\n<p>Bodrum Belediyesi taraf\u0131ndan 30 A\u011fustos Cumartesi g\u00fcn\u00fc Bodrum\u2019un d\u00f6rt farkl\u0131 b\u00f6lgesinde kutlama programlar\u0131 ger\u00e7ekle\u015ftirilecek. \u015eanl\u0131 zaferin 103. y\u0131l d\u00f6n\u00fcm\u00fc, her ya\u015ftan vatanda\u015f\u0131n kat\u0131l\u0131m\u0131yla ger\u00e7ekle\u015fecek etkinliklerle co\u015fku i\u00e7inde kutlanacak. 30 A\u011fustos kutlamalar\u0131 saat 20.30\u2019da fener alaylar\u0131 ile ba\u015flayacak. Ard\u0131ndan program saat 21.30\u2019da zafer co\u015fkusunu ta\u00e7land\u0131racak konserlerle devam edecek. 30 A\u011fustos ak\u015fam\u0131 vatanda\u015flar\u0131 ellerinde T\u00fcrk bayraklar\u0131yla Zafer Bayram\u0131 kutlamalar\u0131na davet eden Ba\u015fkan Tamer Mandalinci; &#8220;30 A\u011fustos, T\u00fcrk milletinin ba\u011f\u0131ms\u0131zl\u0131k yolundaki inan\u00e7, cesaret ve azminin en b\u00fcy\u00fck simgelerinden biridir. Bug\u00fcn, varolu\u015f m\u00fccadelemizin, egemenli\u011fimizin d\u00f6n\u00fcm noktas\u0131d\u0131r. Ba\u015fkomutanl\u0131k Meydan Muharebesi, sadece askeri bir ba\u015far\u0131 de\u011fil, ayn\u0131 zamanda bir milletin yeniden dirili\u015fidir. Bu zafer, yokluk i\u00e7inde ama sonsuz bir azimle, vatan u\u011fruna her t\u00fcrl\u00fc fedakarl\u0131\u011f\u0131 g\u00f6ze alanlar\u0131n eseridir. Her y\u0131l, bu b\u00fcy\u00fck zaferi gururla ve minnetle hat\u0131rl\u0131yor, o g\u00fcn oldu\u011fu gibi bug\u00fcn de kararl\u0131l\u0131kla egemenli\u011fimizi gelece\u011fe ta\u015f\u0131yoruz. Bir \u00e7ift mavi g\u00f6z\u00fcn izinde y\u00fcr\u00fcd\u00fc\u011f\u00fcm\u00fcz bu yolda, bu b\u00fcy\u00fck zaferin anlam\u0131n\u0131 ya\u015fatmak ve gelecek nesillere aktarmak hepimizin sorumlulu\u011fu. Bu sebeple bizler, Gazi Mustafa Kemal Atat\u00fcrk\u2019\u00fcn izinde yar\u0131nlara ilerleyen bireyler olarak cumhuriyetimizin kazan\u0131mlar\u0131na sahip \u00e7\u0131kacak, e\u015fitlik, \u00f6zg\u00fcrl\u00fck ve adalet ilkeleri do\u011frultusunda, akl\u0131n ve bilimin rehberli\u011finde \u00e7al\u0131\u015fmaya devam edece\u011fiz. Ba\u011f\u0131ms\u0131zl\u0131k ve egemenlik u\u011fruna m\u00fccadele eden B\u00fcy\u00fck \u00d6nder Gazi Mustafa Kemal Atat\u00fcrk ve silah arkada\u015flar\u0131n\u0131 sayg\u0131, minnet ve \u00f6zlemle an\u0131yor, 30 A\u011fustos ak\u015fam\u0131 bu zaferi hep beraber kutlamak ad\u0131na t\u00fcm halk\u0131m\u0131z\u0131 alanlara davet ediyoruz. Tam 103 y\u0131ld\u0131r yank\u0131lanan zaferin sesiyle, 30 A\u011fustos Zafer Bayram\u0131m\u0131z kutlu olsun&#8221; deedi.<\/p>\n<p>30 A\u011fustos Zafer Bayram\u0131 kutlama programlar\u0131 Bodrum Merkez\u2019de Bodrum Milta Marina\u2019dan ba\u015flayarak Bodrum Belediye Meydan\u0131\u2019na kadar fener alay\u0131 d\u00fczenlenecek. Fener alay\u0131n\u0131n ard\u0131ndan &#8220;Madrigal&#8221; grubu sahne alacak. Yal\u0131kavak Mahallesi\u2019nde Belediye Kafe \u00f6n\u00fcnden ba\u015flayacak fener alay\u0131, Yal\u0131kavak Atat\u00fcrk Meydan\u0131\u2019nda sona erecek. Ard\u0131ndan &#8220;Pusula&#8221; grubu konser verecek. Turgutreis Mahallesi\u2019nde ise Ak\u00e7aalan \u00c7ok Ama\u00e7l\u0131 Salon\u2019dan ba\u015flayarak Turgutreis Atat\u00fcrk Meydan\u0131\u2019na kadar fener alay\u0131 yap\u0131lacak. Etkinlik, &#8220;Dolu Kadehi Ters Tut&#8221; grubunun konseriyle devam edecek. Mumcular Mahalesi\u2019nde Karaova Mustafa Kallem Park\u0131\u2019ndan ba\u015flayacak fener alay\u0131, Mumcular Cumhuriyet Meydan\u0131\u2019nda sona erecek. Sonras\u0131nda &#8220;Emirhan &amp; G\u00f6rkem Band&#8221; sahne alacak.<br \/><\/p>\n","protected":false},"excerpt":{"rendered":"<p>30 A\u011fustos Zafer Bayram\u0131\u2019n\u0131n 103. y\u0131l\u0131 dolay\u0131s\u0131yla Bodrum\u2019un d\u00f6rt ayr\u0131 noktas\u0131nda kutlama program\u0131 d\u00fczenleniyor. Bodrum Belediyesi taraf\u0131ndan 30 A\u011fustos Cumartesi g\u00fcn\u00fc Bodrum\u2019un d\u00f6rt farkl\u0131 b\u00f6lgesinde kutlama programlar\u0131 ger\u00e7ekle\u015ftirilecek. \u015eanl\u0131 zaferin 103. y\u0131l d\u00f6n\u00fcm\u00fc, her ya\u015ftan vatanda\u015f\u0131n kat\u0131l\u0131m\u0131yla ger\u00e7ekle\u015fecek etkinliklerle co\u015fku i\u00e7inde kutlanacak. 30 A\u011fustos kutlamalar\u0131 saat 20.30\u2019da fener alaylar\u0131 ile ba\u015flayacak. Ard\u0131ndan program saat 21.30\u2019da&#8230;<\/p>\n","protected":false},"author":1,"featured_media":51344,"comment_status":"open","ping_status":"open","sticky":false,"template":"","format":"standard","meta":{"_crdt_document":"","footnotes":""},"categories":[1],"tags":[],"class_list":["post-51343","post","type-post","status-publish","format-standard","has-post-thumbnail","hentry","category-guncel"],"_links":{"self":[{"href":"https:\/\/www.egemtv.com\/index.php?rest_route=\/wp\/v2\/posts\/51343","targetHints":{"allow":["GET"]}}],"collection":[{"href":"https:\/\/www.egemtv.com\/index.php?rest_route=\/wp\/v2\/posts"}],"about":[{"href":"https:\/\/www.egemtv.com\/index.php?rest_route=\/wp\/v2\/types\/post"}],"author":[{"embeddable":true,"href":"https:\/\/www.egemtv.com\/index.php?rest_route=\/wp\/v2\/users\/1"}],"replies":[{"embeddable":true,"href":"https:\/\/www.egemtv.com\/index.php?rest_route=%2Fwp%2Fv2%2Fcomments&post=51343"}],"version-history":[{"count":1,"href":"https:\/\/www.egemtv.com\/index.php?rest_route=\/wp\/v2\/posts\/51343\/revisions"}],"predecessor-version":[{"id":51345,"href":"https:\/\/www.egemtv.com\/index.php?rest_route=\/wp\/v2\/posts\/51343\/revisions\/51345"}],"wp:featuredmedia":[{"embeddable":true,"href":"https:\/\/www.egemtv.com\/index.php?rest_route=\/wp\/v2\/media\/51344"}],"wp:attachment":[{"href":"https:\/\/www.egemtv.com\/index.php?rest_route=%2Fwp%2Fv2%2Fmedia&parent=51343"}],"wp:term":[{"taxonomy":"category","embeddable":true,"href":"https:\/\/www.egemtv.com\/index.php?rest_route=%2Fwp%2Fv2%2Fcategories&post=51343"},{"taxonomy":"post_tag","embeddable":true,"href":"https:\/\/www.egemtv.com\/index.php?rest_route=%2Fwp%2Fv2%2Ftags&post=51343"}],"curies":[{"name":"wp","href":"https:\/\/api.w.org\/{rel}","templated":true}]}}