{"id":51340,"date":"2025-08-26T15:55:31","date_gmt":"2025-08-26T12:55:31","guid":{"rendered":"https:\/\/www.egemtv.com\/?p=51340"},"modified":"2025-08-26T15:55:32","modified_gmt":"2025-08-26T12:55:32","slug":"salihli-seyrantepespordan-transfer-bombardimani","status":"publish","type":"post","link":"https:\/\/www.egemtv.com\/?p=51340","title":{"rendered":"Salihli Seyrantepespor\u2019dan transfer bombard\u0131man\u0131"},"content":{"rendered":"<p>Manisa S\u00fcper Amat\u00f6r K\u00fcme\u2019nin yeni ekiplerinden Salihli Seyrantepespor, 17 oyuncuyu transfer etti.<br \/>\n<br \/>Salihli\u2019yi Manisa S\u00fcper Amat\u00f6r K\u00fcme\u2019de Salihli Belediyespor, Salihli 45 FK ve 1984 Salihlispor ile birlikte temsil edecek olan Seyrantepespor, 17 oyuncuyu transfer edip renklerine ba\u011flad\u0131.<br \/>\n<br \/>Transferler Musa Yi\u011fit, Halil Ko\u00e7ak, Bat\u0131n \u00d6zdemir, \u00dcmit Bek\u00e7i, Og\u00fcn Uyar, U\u011fur Can Ba\u015faran, Ayberk \u015eahin, \u0130brahim Solak, O\u011fulcan Bankce, Mecnun Satmaz, Muhammet Remzi \u00c7etinel, Metehan Salt\u0131k, Enes \u00c7\u0131nar, Harun Tekin, Yunus Bulut, Arda \u00c7elik ve Kemal G\u00f6k, d\u00fczenlenen t\u00f6renle resmi s\u00f6zle\u015fmeye imza att\u0131.<br \/>\n<br \/>\u00d6te yandan Seyrantepespor, teknik kadroda yer alan Engin Yel, Engin Dede, Hacer Tilki ve Altyap\u0131 Sorumlumuz Mutlu \u00d6zkan ile ge\u00e7ti\u011fimiz g\u00fcnlerde s\u00f6zle\u015fme yenilemi\u015fti.<br \/><\/p>\n","protected":false},"excerpt":{"rendered":"<p>Manisa S\u00fcper Amat\u00f6r K\u00fcme\u2019nin yeni ekiplerinden Salihli Seyrantepespor, 17 oyuncuyu transfer etti. Salihli\u2019yi Manisa S\u00fcper Amat\u00f6r K\u00fcme\u2019de Salihli Belediyespor, Salihli 45 FK ve 1984 Salihlispor ile birlikte temsil edecek olan Seyrantepespor, 17 oyuncuyu transfer edip renklerine ba\u011flad\u0131. Transferler Musa Yi\u011fit, Halil Ko\u00e7ak, Bat\u0131n \u00d6zdemir, \u00dcmit Bek\u00e7i, Og\u00fcn Uyar, U\u011fur Can Ba\u015faran, Ayberk \u015eahin, \u0130brahim Solak,&#8230;<\/p>\n","protected":false},"author":1,"featured_media":51341,"comment_status":"open","ping_status":"open","sticky":false,"template":"","format":"standard","meta":{"_crdt_document":"","footnotes":""},"categories":[4],"tags":[],"class_list":["post-51340","post","type-post","status-publish","format-standard","has-post-thumbnail","hentry","category-spor"],"_links":{"self":[{"href":"https:\/\/www.egemtv.com\/index.php?rest_route=\/wp\/v2\/posts\/51340","targetHints":{"allow":["GET"]}}],"collection":[{"href":"https:\/\/www.egemtv.com\/index.php?rest_route=\/wp\/v2\/posts"}],"about":[{"href":"https:\/\/www.egemtv.com\/index.php?rest_route=\/wp\/v2\/types\/post"}],"author":[{"embeddable":true,"href":"https:\/\/www.egemtv.com\/index.php?rest_route=\/wp\/v2\/users\/1"}],"replies":[{"embeddable":true,"href":"https:\/\/www.egemtv.com\/index.php?rest_route=%2Fwp%2Fv2%2Fcomments&post=51340"}],"version-history":[{"count":1,"href":"https:\/\/www.egemtv.com\/index.php?rest_route=\/wp\/v2\/posts\/51340\/revisions"}],"predecessor-version":[{"id":51342,"href":"https:\/\/www.egemtv.com\/index.php?rest_route=\/wp\/v2\/posts\/51340\/revisions\/51342"}],"wp:featuredmedia":[{"embeddable":true,"href":"https:\/\/www.egemtv.com\/index.php?rest_route=\/wp\/v2\/media\/51341"}],"wp:attachment":[{"href":"https:\/\/www.egemtv.com\/index.php?rest_route=%2Fwp%2Fv2%2Fmedia&parent=51340"}],"wp:term":[{"taxonomy":"category","embeddable":true,"href":"https:\/\/www.egemtv.com\/index.php?rest_route=%2Fwp%2Fv2%2Fcategories&post=51340"},{"taxonomy":"post_tag","embeddable":true,"href":"https:\/\/www.egemtv.com\/index.php?rest_route=%2Fwp%2Fv2%2Ftags&post=51340"}],"curies":[{"name":"wp","href":"https:\/\/api.w.org\/{rel}","templated":true}]}}