{"id":51337,"date":"2025-08-26T15:35:48","date_gmt":"2025-08-26T12:35:48","guid":{"rendered":"https:\/\/www.egemtv.com\/?p=51337"},"modified":"2025-08-26T15:35:50","modified_gmt":"2025-08-26T12:35:50","slug":"kontrolden-cikan-otomobil-devrildi-3-yarali","status":"publish","type":"post","link":"https:\/\/www.egemtv.com\/?p=51337","title":{"rendered":"Kontrolden \u00e7\u0131kan otomobil devrildi: 3 yaral\u0131"},"content":{"rendered":"<p>Afyonkarahisar\u2019da kontrolden \u00e7\u0131kan otomobilin devrildi\u011fi trafik kazas\u0131nda yaralanan 3 vatanda\u015fa UMKE ekipleri m\u00fcdahale etti.<br \/>\n<br \/>Olay, saat 08.20 s\u0131ralar\u0131nda \u015euhut il\u00e7esi Kocatepe mevkiinde meydana geldi. Edinilen bilgilere g\u00f6re; plakas\u0131 \u00f6\u011frenilemeyen bir otomobil, seyir halindeyken kontrolden \u00e7\u0131karak devrildi. Tek tarafl\u0131 meydana gelen trafik kazas\u0131nda 3 vatanda\u015f yaraland\u0131.<\/p>\n<p>Yaral\u0131lara ilk m\u00fcdahaleyi UMKE ekibi yapt\u0131<br \/>\n<br \/>Zafer Y\u00fcr\u00fcy\u00fc\u015f\u00fc \u00e7er\u00e7evesinde gece boyu sa\u011fl\u0131k n\u00f6beti tutan UMKE ekibi, program d\u00f6n\u00fc\u015f\u00fcnde kaza ile kar\u015f\u0131la\u015ft\u0131. H\u0131zla olay yerine intikal eden UMKE ekipleri, yaral\u0131lara acil t\u0131bbi m\u00fcdahalede bulunarak nakil \u00f6nceli\u011fini belirlemek amac\u0131yla triyaj uygulad\u0131. UMKE ekipleri, olay yerinde ger\u00e7ekle\u015ftirdikleri ilk m\u00fcdahalenin ard\u0131ndan yaral\u0131lar\u0131 ileri tetkik ve tedavileri i\u00e7in 112 Acil Sa\u011fl\u0131k ekiplerine teslim etti.<br \/><\/p>\n","protected":false},"excerpt":{"rendered":"<p>Afyonkarahisar\u2019da kontrolden \u00e7\u0131kan otomobilin devrildi\u011fi trafik kazas\u0131nda yaralanan 3 vatanda\u015fa UMKE ekipleri m\u00fcdahale etti. Olay, saat 08.20 s\u0131ralar\u0131nda \u015euhut il\u00e7esi Kocatepe mevkiinde meydana geldi. Edinilen bilgilere g\u00f6re; plakas\u0131 \u00f6\u011frenilemeyen bir otomobil, seyir halindeyken kontrolden \u00e7\u0131karak devrildi. Tek tarafl\u0131 meydana gelen trafik kazas\u0131nda 3 vatanda\u015f yaraland\u0131. Yaral\u0131lara ilk m\u00fcdahaleyi UMKE ekibi yapt\u0131 Zafer Y\u00fcr\u00fcy\u00fc\u015f\u00fc \u00e7er\u00e7evesinde gece&#8230;<\/p>\n","protected":false},"author":1,"featured_media":51338,"comment_status":"open","ping_status":"open","sticky":false,"template":"","format":"standard","meta":{"_crdt_document":"","footnotes":""},"categories":[5],"tags":[],"class_list":["post-51337","post","type-post","status-publish","format-standard","has-post-thumbnail","hentry","category-asayis"],"_links":{"self":[{"href":"https:\/\/www.egemtv.com\/index.php?rest_route=\/wp\/v2\/posts\/51337","targetHints":{"allow":["GET"]}}],"collection":[{"href":"https:\/\/www.egemtv.com\/index.php?rest_route=\/wp\/v2\/posts"}],"about":[{"href":"https:\/\/www.egemtv.com\/index.php?rest_route=\/wp\/v2\/types\/post"}],"author":[{"embeddable":true,"href":"https:\/\/www.egemtv.com\/index.php?rest_route=\/wp\/v2\/users\/1"}],"replies":[{"embeddable":true,"href":"https:\/\/www.egemtv.com\/index.php?rest_route=%2Fwp%2Fv2%2Fcomments&post=51337"}],"version-history":[{"count":1,"href":"https:\/\/www.egemtv.com\/index.php?rest_route=\/wp\/v2\/posts\/51337\/revisions"}],"predecessor-version":[{"id":51339,"href":"https:\/\/www.egemtv.com\/index.php?rest_route=\/wp\/v2\/posts\/51337\/revisions\/51339"}],"wp:featuredmedia":[{"embeddable":true,"href":"https:\/\/www.egemtv.com\/index.php?rest_route=\/wp\/v2\/media\/51338"}],"wp:attachment":[{"href":"https:\/\/www.egemtv.com\/index.php?rest_route=%2Fwp%2Fv2%2Fmedia&parent=51337"}],"wp:term":[{"taxonomy":"category","embeddable":true,"href":"https:\/\/www.egemtv.com\/index.php?rest_route=%2Fwp%2Fv2%2Fcategories&post=51337"},{"taxonomy":"post_tag","embeddable":true,"href":"https:\/\/www.egemtv.com\/index.php?rest_route=%2Fwp%2Fv2%2Ftags&post=51337"}],"curies":[{"name":"wp","href":"https:\/\/api.w.org\/{rel}","templated":true}]}}