{"id":51334,"date":"2025-08-26T15:15:39","date_gmt":"2025-08-26T12:15:39","guid":{"rendered":"https:\/\/www.egemtv.com\/?p=51334"},"modified":"2025-08-26T15:15:40","modified_gmt":"2025-08-26T12:15:40","slug":"buyuksehirden-dogaya-ve-kent-estetigine-yesil-dokunus","status":"publish","type":"post","link":"https:\/\/www.egemtv.com\/?p=51334","title":{"rendered":"B\u00fcy\u00fck\u015fehir\u2019den do\u011faya ve kent esteti\u011fine ye\u015fil dokunu\u015f"},"content":{"rendered":"<p>Mu\u011fla B\u00fcy\u00fck\u015fehir Belediyesi, il genelinde vatanda\u015flar\u0131n dinlenebilece\u011fi, \u00e7ocuklar\u0131n g\u00fcvenle vakit ge\u00e7irebilece\u011fi ve kentin esteti\u011fini g\u00fc\u00e7lendiren ye\u015fil alanlara yenilerini eklemeye devam ediyor. B\u00fcy\u00fck\u015fehir Belediyesi\u2019nin \u00e7al\u0131\u015fmalar\u0131yla Mu\u011fla\u2019ya toplam 441 bin 764 metrekare ye\u015fil alan kazand\u0131r\u0131ld\u0131.<br \/>\n<br \/>Mu\u011fla genelinde yap\u0131lan \u00e7al\u0131\u015fmalarla ye\u015fil alan miktar\u0131 349 bin 847 metrekareden 791 bin 611 metrekareye \u00e7\u0131kar\u0131ld\u0131. Bu kapsamda kent, 441 bin 764 metrekarelik art\u0131\u015fla yakla\u015f\u0131k iki kat daha fazla ye\u015fil alana kavu\u015ftu.<br \/>\n<br \/>Do\u011fal g\u00fczellikleriyle \u00f6ne \u00e7\u0131kan Mu\u011fla\u2019da, park, bah\u00e7e, yol ve kav\u015fak d\u00fczenlemeleriyle \u015fehrin \u00e7ehresi yenileniyor. B\u00fcy\u00fck\u015fehir Belediyesi, bu alanlarda Mu\u011fla \u00fcretim kooperatiflerinde kad\u0131nlar\u0131n \u00fcretti\u011fi \u00e7i\u00e7ekleri kullanarak hem estetik hem de ekonomik katk\u0131 sa\u011fl\u0131yor.<br \/>\n<br \/>Yeni Parklar Geliyor<br \/>\n<br \/>Mu\u011fla B\u00fcy\u00fck\u015fehir Belediyesi, Cengiz Bekta\u015f Kent Belle\u011fi\u2019nin yan\u0131nda yeni bir park yap\u0131lmas\u0131 i\u00e7in \u00e7al\u0131\u015fmalara ba\u015flad\u0131. \u0130halesi tamamlanan park\u0131n yap\u0131m\u0131na ba\u015flan\u0131rken, ikinci park\u0131n da hayata ge\u00e7irilmesiyle birlikte kente iki yeni park kazand\u0131r\u0131lm\u0131\u015f olacak. Park alanlar\u0131nda \u00e7ocuk oyun gruplar\u0131, oturma alanlar\u0131, bitki heykelleri ve dinlenme alanlar\u0131 yer alacak.<br \/>\n<br \/>Ye\u015fil Alanlar Ar\u0131tma Suyu ile Sulan\u0131yor<br \/>\n<br \/>Mu\u011fla B\u00fcy\u00fck\u015fehir Belediyesi, altyap\u0131ya yapt\u0131\u011f\u0131 yat\u0131r\u0131mlarla kurdu\u011fu modern ar\u0131tma tesislerinden elde edilen geri d\u00f6n\u00fc\u015ft\u00fcr\u00fclm\u00fc\u015f sular\u0131 ye\u015fil alan sulamalar\u0131nda kullan\u0131yor. Mente\u015fe\u2019deki ye\u015fil alanlar\u0131n y\u00fczde 90\u2019\u0131 At\u0131k Su Ar\u0131tma Tesisi\u2019nden sa\u011flanan su ile sulan\u0131rken, di\u011fer il\u00e7elerde de araz\u00f6zlerle ta\u015f\u0131nan ar\u0131tma suyu sayesinde \u00f6nemli \u00f6l\u00e7\u00fcde tasarruf sa\u011flan\u0131yor.<br \/>\n<br \/>Kurak\u00e7\u0131l Peyzaj ile Suyun Verimli Kullan\u0131m\u0131<br \/>\n<br \/>Kentteki ye\u015fil alan \u00e7al\u0131\u015fmalar\u0131nda su tasarrufu \u00f6n planda tutuluyor. B\u00fcy\u00fck\u015fehir Belediyesi, geri d\u00f6n\u00fc\u015ft\u00fcr\u00fclm\u00fc\u015f su kullan\u0131m\u0131n\u0131n yan\u0131 s\u0131ra Kurak\u00e7\u0131l Peyzaj uygulamalar\u0131n\u0131 da yayg\u0131nla\u015ft\u0131r\u0131yor. Bu kapsamda bug\u00fcne kadar 67 bin 683<br \/>\n<br \/>metrekarelik alanda kurak\u00e7\u0131l peyzaj d\u00fczenlemesi yap\u0131ld\u0131. Y\u00f6resel bitkilerle birlikte do\u011fal ta\u015flar\u0131n kullan\u0131ld\u0131\u011f\u0131 bu uygulamalar, suyun en az d\u00fczeyde t\u00fcketilmesini sa\u011flarken estetik bir g\u00f6r\u00fcn\u00fcm de sunuyor.<br \/>\n<br \/>Ba\u015fkan Aras: &#8220;Kentimizin Ye\u015fil Dokusu Gelecek Nesillere Aktar\u0131lacak&#8221;<br \/>\n<br \/>K\u0131y\u0131 Ege Belediyeler Birli\u011fi ve Mu\u011fla B\u00fcy\u00fck\u015fehir Belediye Ba\u015fkan\u0131 Ahmet Aras, ye\u015fil alan yat\u0131r\u0131mlar\u0131yla ilgili yapt\u0131\u011f\u0131 de\u011ferlendirmede \u015funlar\u0131 s\u00f6yledi:<br \/>\n<br \/>&#8220;Mu\u011flam\u0131z do\u011fas\u0131yla, ormanlar\u0131yla ve tarihiyle \u00f6zel bir \u015fehir. Bizim g\u00f6revimiz bu e\u015fsiz miras\u0131 korumak ve gelecek nesillere daha g\u00fc\u00e7l\u00fc bir \u015fekilde aktarmak. Ye\u015fil alan miktar\u0131n\u0131 neredeyse iki kat\u0131na \u00e7\u0131kard\u0131k. Kad\u0131n \u00fcreticilerimizin eme\u011fiyle yeti\u015ftirilen \u00e7i\u00e7ekler, ar\u0131tma sular\u0131n\u0131n yeniden kullan\u0131lmas\u0131 ve kurak\u00e7\u0131l peyzaj uygulamalar\u0131yla hem do\u011fay\u0131 koruyor hem de kentimize estetik de\u011fer kat\u0131yoruz. Mu\u011fla\u2019n\u0131n her k\u00f6\u015fesinde vatanda\u015flar\u0131m\u0131z\u0131n nefes alaca\u011f\u0131, \u00e7ocuklar\u0131m\u0131z\u0131n g\u00fcvenle oynayaca\u011f\u0131 ye\u015fil alanlar\u0131 art\u0131rmaya devam edece\u011fiz.&#8221;<br \/><\/p>\n","protected":false},"excerpt":{"rendered":"<p>Mu\u011fla B\u00fcy\u00fck\u015fehir Belediyesi, il genelinde vatanda\u015flar\u0131n dinlenebilece\u011fi, \u00e7ocuklar\u0131n g\u00fcvenle vakit ge\u00e7irebilece\u011fi ve kentin esteti\u011fini g\u00fc\u00e7lendiren ye\u015fil alanlara yenilerini eklemeye devam ediyor. B\u00fcy\u00fck\u015fehir Belediyesi\u2019nin \u00e7al\u0131\u015fmalar\u0131yla Mu\u011fla\u2019ya toplam 441 bin 764 metrekare ye\u015fil alan kazand\u0131r\u0131ld\u0131. Mu\u011fla genelinde yap\u0131lan \u00e7al\u0131\u015fmalarla ye\u015fil alan miktar\u0131 349 bin 847 metrekareden 791 bin 611 metrekareye \u00e7\u0131kar\u0131ld\u0131. Bu kapsamda kent, 441 bin 764&#8230;<\/p>\n","protected":false},"author":1,"featured_media":51335,"comment_status":"open","ping_status":"open","sticky":false,"template":"","format":"standard","meta":{"_crdt_document":"","footnotes":""},"categories":[1],"tags":[],"class_list":["post-51334","post","type-post","status-publish","format-standard","has-post-thumbnail","hentry","category-guncel"],"_links":{"self":[{"href":"https:\/\/www.egemtv.com\/index.php?rest_route=\/wp\/v2\/posts\/51334","targetHints":{"allow":["GET"]}}],"collection":[{"href":"https:\/\/www.egemtv.com\/index.php?rest_route=\/wp\/v2\/posts"}],"about":[{"href":"https:\/\/www.egemtv.com\/index.php?rest_route=\/wp\/v2\/types\/post"}],"author":[{"embeddable":true,"href":"https:\/\/www.egemtv.com\/index.php?rest_route=\/wp\/v2\/users\/1"}],"replies":[{"embeddable":true,"href":"https:\/\/www.egemtv.com\/index.php?rest_route=%2Fwp%2Fv2%2Fcomments&post=51334"}],"version-history":[{"count":1,"href":"https:\/\/www.egemtv.com\/index.php?rest_route=\/wp\/v2\/posts\/51334\/revisions"}],"predecessor-version":[{"id":51336,"href":"https:\/\/www.egemtv.com\/index.php?rest_route=\/wp\/v2\/posts\/51334\/revisions\/51336"}],"wp:featuredmedia":[{"embeddable":true,"href":"https:\/\/www.egemtv.com\/index.php?rest_route=\/wp\/v2\/media\/51335"}],"wp:attachment":[{"href":"https:\/\/www.egemtv.com\/index.php?rest_route=%2Fwp%2Fv2%2Fmedia&parent=51334"}],"wp:term":[{"taxonomy":"category","embeddable":true,"href":"https:\/\/www.egemtv.com\/index.php?rest_route=%2Fwp%2Fv2%2Fcategories&post=51334"},{"taxonomy":"post_tag","embeddable":true,"href":"https:\/\/www.egemtv.com\/index.php?rest_route=%2Fwp%2Fv2%2Ftags&post=51334"}],"curies":[{"name":"wp","href":"https:\/\/api.w.org\/{rel}","templated":true}]}}