{"id":51331,"date":"2025-08-26T15:15:38","date_gmt":"2025-08-26T12:15:38","guid":{"rendered":"https:\/\/www.egemtv.com\/?p=51331"},"modified":"2025-08-26T15:15:39","modified_gmt":"2025-08-26T12:15:39","slug":"aliaga-13-eylul-masterler-futbol-turnuvasi-basladi","status":"publish","type":"post","link":"https:\/\/www.egemtv.com\/?p=51331","title":{"rendered":"Alia\u011fa 13 Eyl\u00fcl Masterler Futbol Turnuvas\u0131 ba\u015flad\u0131"},"content":{"rendered":"<p>Haziran ay\u0131nda vefat eden Alia\u011faspor\u2019un eski futbolcular\u0131ndan Memduh Ayd\u0131n an\u0131s\u0131na d\u00fczenlenen Alia\u011fa 13 Eyl\u00fcl Masterler Futbol Turnuvas\u0131 ba\u015flad\u0131. Ayn\u0131 zamanda 13 Eyl\u00fcl Atat\u00fcrk\u2019\u00fcn Alia\u011fa\u2019ya geli\u015fi etkinlikleri kapsam\u0131nda d\u00fczenlenen turnuvan\u0131n ba\u015flama vuru\u015funu Alia\u011fa Belediye Ba\u015fkan\u0131 Serkan Acar ile Alia\u011fa FK Teknik Sorumlusu Polat \u00c7etin yapt\u0131.<br \/>\n<br \/>Alia\u011fa Belediyesi De\u011firmendere Futbol Tesisleri\u2019nde d\u00fczenlenen turnuvada toplam 8 tak\u0131m yer al\u0131yor. Turnuvaya kat\u0131lan; Alia\u011fa Bak\u0131r\u00e7ay Masterler, Alia\u011fag\u00fcc\u00fc Masterler, Alia\u011fa K\u00f6rfez Masterler, Alia\u011fa Ak\u0131nc\u0131lar \u0130dmang\u00fcc\u00fc Masterler, Kar\u015f\u0131yaka Donanmac\u0131 Masterler, \u00c7andarl\u0131 Kale Masterler, Soma Turgutalp Masterler ve Bergama 14 Eyl\u00fcl Masterler tak\u0131mlar\u0131 dostluk \u00e7er\u00e7evesi i\u00e7erisinde birincilik i\u00e7in k\u0131yas\u0131ya m\u00fccadele verecek. Turnuvan\u0131n final m\u00fccadelesi 13 Eyl\u00fcl tarihinde ger\u00e7ekle\u015ftirilecek.<br \/>\n<br \/>Turnuva, Alia\u011fa Ak\u0131nc\u0131lar \u0130dmang\u00fcc\u00fc Masterler ile \u00c7andarl\u0131 Kale Masterler aras\u0131ndaki kar\u015f\u0131la\u015fma ile ba\u015flad\u0131. \u0130lk d\u00fcd\u00fck ile birlikte ba\u015flama vuru\u015funu Alia\u011fa Belediye Ba\u015fkan\u0131 Serkan Acar ve Alia\u011fa FK Teknik Sorumlusu Polat \u00c7etin ger\u00e7ekle\u015ftirdi. Ba\u015fkan Serkan Acar, turnuvan\u0131n dostluk ve centilmenlik ruhu i\u00e7inde ge\u00e7mesi temennisinde bulunarak t\u00fcm tak\u0131mlara ba\u015far\u0131lar diledi.<br \/><\/p>\n","protected":false},"excerpt":{"rendered":"<p>Haziran ay\u0131nda vefat eden Alia\u011faspor\u2019un eski futbolcular\u0131ndan Memduh Ayd\u0131n an\u0131s\u0131na d\u00fczenlenen Alia\u011fa 13 Eyl\u00fcl Masterler Futbol Turnuvas\u0131 ba\u015flad\u0131. Ayn\u0131 zamanda 13 Eyl\u00fcl Atat\u00fcrk\u2019\u00fcn Alia\u011fa\u2019ya geli\u015fi etkinlikleri kapsam\u0131nda d\u00fczenlenen turnuvan\u0131n ba\u015flama vuru\u015funu Alia\u011fa Belediye Ba\u015fkan\u0131 Serkan Acar ile Alia\u011fa FK Teknik Sorumlusu Polat \u00c7etin yapt\u0131. Alia\u011fa Belediyesi De\u011firmendere Futbol Tesisleri\u2019nde d\u00fczenlenen turnuvada toplam 8 tak\u0131m yer&#8230;<\/p>\n","protected":false},"author":1,"featured_media":51332,"comment_status":"open","ping_status":"open","sticky":false,"template":"","format":"standard","meta":{"_crdt_document":"","footnotes":""},"categories":[4],"tags":[],"class_list":["post-51331","post","type-post","status-publish","format-standard","has-post-thumbnail","hentry","category-spor"],"_links":{"self":[{"href":"https:\/\/www.egemtv.com\/index.php?rest_route=\/wp\/v2\/posts\/51331","targetHints":{"allow":["GET"]}}],"collection":[{"href":"https:\/\/www.egemtv.com\/index.php?rest_route=\/wp\/v2\/posts"}],"about":[{"href":"https:\/\/www.egemtv.com\/index.php?rest_route=\/wp\/v2\/types\/post"}],"author":[{"embeddable":true,"href":"https:\/\/www.egemtv.com\/index.php?rest_route=\/wp\/v2\/users\/1"}],"replies":[{"embeddable":true,"href":"https:\/\/www.egemtv.com\/index.php?rest_route=%2Fwp%2Fv2%2Fcomments&post=51331"}],"version-history":[{"count":1,"href":"https:\/\/www.egemtv.com\/index.php?rest_route=\/wp\/v2\/posts\/51331\/revisions"}],"predecessor-version":[{"id":51333,"href":"https:\/\/www.egemtv.com\/index.php?rest_route=\/wp\/v2\/posts\/51331\/revisions\/51333"}],"wp:featuredmedia":[{"embeddable":true,"href":"https:\/\/www.egemtv.com\/index.php?rest_route=\/wp\/v2\/media\/51332"}],"wp:attachment":[{"href":"https:\/\/www.egemtv.com\/index.php?rest_route=%2Fwp%2Fv2%2Fmedia&parent=51331"}],"wp:term":[{"taxonomy":"category","embeddable":true,"href":"https:\/\/www.egemtv.com\/index.php?rest_route=%2Fwp%2Fv2%2Fcategories&post=51331"},{"taxonomy":"post_tag","embeddable":true,"href":"https:\/\/www.egemtv.com\/index.php?rest_route=%2Fwp%2Fv2%2Ftags&post=51331"}],"curies":[{"name":"wp","href":"https:\/\/api.w.org\/{rel}","templated":true}]}}