{"id":51328,"date":"2025-08-26T15:15:37","date_gmt":"2025-08-26T12:15:37","guid":{"rendered":"https:\/\/www.egemtv.com\/?p=51328"},"modified":"2025-08-26T15:15:38","modified_gmt":"2025-08-26T12:15:38","slug":"muski-bodrumda-1-milyon-600-bin-metrekup-suyu-geri-kazandi","status":"publish","type":"post","link":"https:\/\/www.egemtv.com\/?p=51328","title":{"rendered":"MUSK\u0130, Bodrum\u2019da 1 Milyon 600 Bin metrek\u00fcp suyu geri kazand\u0131"},"content":{"rendered":"<p>MUSK\u0130 Genel M\u00fcd\u00fcrl\u00fc\u011f\u00fc Bodrum\u2019da ya\u015fanan su s\u0131k\u0131nt\u0131lar\u0131n\u0131n giderilmesi i\u00e7in ar\u0131zal\u0131 isale hatlar\u0131n\u0131n yenilenmesi ve denizden su ar\u0131tma tesisinin yan\u0131 s\u0131ra kay\u0131p ka\u00e7akla m\u00fccadeleye yo\u011fun mesai harc\u0131yor. Son olarak yap\u0131lan hat yenileme, sistem iyile\u015ftirmeleri, debimetre kalibrasyonu gibi \u00e7al\u0131\u015fmalarla G\u00fcvercinlik \u0130\u00e7me Suyu Ar\u0131tma Tesisindeki su kayb\u0131 %20\u2019den %6\u2019ya geriledi. B\u00f6ylece 1 Milyon 600 bin m3 su kazanc\u0131 sa\u011flad\u0131.<br \/>\n<br \/>Kurakl\u0131k riskinin giderek artt\u0131\u011f\u0131 g\u00fcn\u00fcm\u00fczde, i\u00e7me suyunun verimli kullan\u0131lmas\u0131 ve kay\u0131p-ka\u00e7aklar\u0131n azalt\u0131lmas\u0131 b\u00fcy\u00fck \u00f6nem ta\u015f\u0131yor. Bu do\u011frultuda Mu\u011fla B\u00fcy\u00fck\u015fehir Belediyesi Su ve Kanalizasyon \u0130daresi (MUSK\u0130) Genel M\u00fcd\u00fcrl\u00fc\u011f\u00fc, il genelinde y\u00fcr\u00fctt\u00fc\u011f\u00fc \u00e7al\u0131\u015fmalarla suyun korunmas\u0131na katk\u0131 sa\u011flarken, \u00f6zellikle i\u00e7me suyu ar\u0131tma tesislerinde yapt\u0131\u011f\u0131 iyile\u015ftirmelerle \u015febekeye daha fazla su kazand\u0131r\u0131yor.<br \/>\n<br \/>\u00d6zellikle kentin en b\u00fcy\u00fck su sorunlar\u0131n\u0131n ya\u015fand\u0131\u011f\u0131 Bodrum\u2019da \u00e7al\u0131\u015fmalar\u0131n\u0131 yo\u011funla\u015ft\u0131ran MUSK\u0130 ekipleri burada ar\u0131zal\u0131 isale hatlar\u0131n\u0131n yenilenmesi ve denizden su ar\u0131tma tesisinin yan\u0131 s\u0131ra kay\u0131p ka\u00e7akla m\u00fccadeleye yo\u011fun mesai harc\u0131yor<br \/>\n<br \/>Kay\u0131p Oran\u0131nda \u0130yile\u015fme<br \/>\n<br \/>G\u00fcvercinlik \u0130\u00e7me Suyu Ar\u0131tma Tesisi\u2019nde ge\u00e7en sene Ocak ay\u0131nda %20 seviyesinde olan kay\u0131p oran\u0131, bu y\u0131lba\u015f\u0131nda %14,03\u2019 gerilemi\u015ftir. Bu y\u0131l Nisan ay\u0131nda yap\u0131lan bak\u0131m-onar\u0131m \u00e7al\u0131\u015fmalar\u0131 ve \u00e7amur geri kazan\u0131m sistemi sayesinde %11,9\u2019a Temmuz ay\u0131nda ger\u00e7ekle\u015ftirilen debimetre kalibrasyonu, hat onar\u0131mlar\u0131 ve geri y\u0131kama sular\u0131n\u0131n sisteme kazand\u0131r\u0131lmas\u0131yla kay\u0131p oran\u0131 %6 seviyesine kadar indi. A\u011fustos ay\u0131nda da bu seviyenin korunmas\u0131yla, sekiz ayl\u0131k s\u00fcre\u00e7te tesisin verimlili\u011fi belirgin bi\u00e7imde artt\u0131.<br \/>\n<br \/>Yakla\u015f\u0131k 1 Milyon 600 Bin m Su Kazan\u0131m\u0131<br \/>\n<br \/>Ger\u00e7ekle\u015ftirilen \u00e7al\u0131\u015fmalar sonucunda ge\u00e7ti\u011fimiz y\u0131l Ocak ve bu y\u0131l A\u011fustos aylar\u0131 aras\u0131nda toplam 1 Milyon 600 bin metrek\u00fcp suyun sisteme yeniden kazand\u0131r\u0131ld\u0131\u011f\u0131 tespit edildi.<br \/>\n<br \/>Bu y\u0131l ki aylara g\u00f6re kazan\u0131m miktarlar\u0131 \u015fu \u015fekilde ger\u00e7ekle\u015fti:<br \/>\n<br \/>Ocak: 142.973 m, \u015eubat: 137.706 m, Mart: 136.087 m, Nisan: 122.119 m,May\u0131s: 109.957 m, Haziran: 106.354 m, Temmuz: 67.166 m, A\u011fustos: 70.544 m<br \/>\n<br \/>Ba\u015fkan Aras, &#8220;Verimlili\u011fi Kal\u0131c\u0131 Hale Getirmeyi Hedefliyoruz&#8221;<br \/>\n<br \/>Mu\u011fla B\u00fcy\u00fck\u015fehir Belediye Ba\u015fkan\u0131 Ahmet Aras, Bodrum\u2019da ya\u015fanan su sorunlar\u0131n\u0131n \u00e7\u00f6z\u00fcm\u00fc i\u00e7in t\u00fcm sorunlar\u0131 masaya yat\u0131rd\u0131klar\u0131n\u0131 ve bunun \u00e7\u00f6z\u00fcm\u00fc i\u00e7in gerekli ad\u0131mlar\u0131 atmaya ba\u015flad\u0131klar\u0131n\u0131 vurgularken, su kay\u0131plar\u0131n\u0131n \u00f6nlenmesi i\u00e7in verimlili\u011fi kal\u0131c\u0131 hale getirmeyi hedeflediklerini s\u00f6yledi. Ba\u015fkan Aras, &#8220;Ar\u0131tma tesislerimizde d\u00fczenli bak\u0131m, dengeleme ve geri kazan\u0131m uygulamalar\u0131m\u0131z sayesinde kay\u0131p-ka\u00e7ak oranlar\u0131n\u0131 \u00f6nemli \u00f6l\u00e7\u00fcde d\u00fc\u015f\u00fcrd\u00fck. \u00d6n\u00fcm\u00fczdeki d\u00f6nemde de bu verimlili\u011fi koruyarak, vatanda\u015flar\u0131m\u0131za kesintisiz ve s\u00fcrd\u00fcr\u00fclebilir i\u00e7me suyu hizmeti sunmaya devam edece\u011fiz. Bizler altyap\u0131n\u0131n g\u00fc\u00e7lenmesi ve s\u00fcrd\u00fcr\u00fclebilir sistemlerin kurularak daha verimli bir su y\u00f6netimi uygulamaya \u00e7al\u0131\u015f\u0131yoruz. Mevcut sistemin i\u015fletmesi zor oldu\u011fu i\u00e7in hem i\u00e7me suyu hatlar\u0131n\u0131 yeniliyor hem de suyun bilimsel y\u00f6ntemler ve son teknoloji \u00fcr\u00fcnlerle bu sistemi daha s\u00fcrd\u00fcr\u00fclebilir hale getiriyoruz. Bodrum\u2019da ya\u015fanan su sorunun \u00e7\u00f6z\u00fcm\u00fc i\u00e7in gereken her t\u00fcrl\u00fc yat\u0131r\u0131m\u0131 yap\u0131yoruz&#8221; dedi.<br \/><\/p>\n","protected":false},"excerpt":{"rendered":"<p>MUSK\u0130 Genel M\u00fcd\u00fcrl\u00fc\u011f\u00fc Bodrum\u2019da ya\u015fanan su s\u0131k\u0131nt\u0131lar\u0131n\u0131n giderilmesi i\u00e7in ar\u0131zal\u0131 isale hatlar\u0131n\u0131n yenilenmesi ve denizden su ar\u0131tma tesisinin yan\u0131 s\u0131ra kay\u0131p ka\u00e7akla m\u00fccadeleye yo\u011fun mesai harc\u0131yor. Son olarak yap\u0131lan hat yenileme, sistem iyile\u015ftirmeleri, debimetre kalibrasyonu gibi \u00e7al\u0131\u015fmalarla G\u00fcvercinlik \u0130\u00e7me Suyu Ar\u0131tma Tesisindeki su kayb\u0131 %20\u2019den %6\u2019ya geriledi. B\u00f6ylece 1 Milyon 600 bin m3 su kazanc\u0131&#8230;<\/p>\n","protected":false},"author":1,"featured_media":51329,"comment_status":"open","ping_status":"open","sticky":false,"template":"","format":"standard","meta":{"_crdt_document":"","footnotes":""},"categories":[125],"tags":[],"class_list":["post-51328","post","type-post","status-publish","format-standard","has-post-thumbnail","hentry","category-ekonomi"],"_links":{"self":[{"href":"https:\/\/www.egemtv.com\/index.php?rest_route=\/wp\/v2\/posts\/51328","targetHints":{"allow":["GET"]}}],"collection":[{"href":"https:\/\/www.egemtv.com\/index.php?rest_route=\/wp\/v2\/posts"}],"about":[{"href":"https:\/\/www.egemtv.com\/index.php?rest_route=\/wp\/v2\/types\/post"}],"author":[{"embeddable":true,"href":"https:\/\/www.egemtv.com\/index.php?rest_route=\/wp\/v2\/users\/1"}],"replies":[{"embeddable":true,"href":"https:\/\/www.egemtv.com\/index.php?rest_route=%2Fwp%2Fv2%2Fcomments&post=51328"}],"version-history":[{"count":1,"href":"https:\/\/www.egemtv.com\/index.php?rest_route=\/wp\/v2\/posts\/51328\/revisions"}],"predecessor-version":[{"id":51330,"href":"https:\/\/www.egemtv.com\/index.php?rest_route=\/wp\/v2\/posts\/51328\/revisions\/51330"}],"wp:featuredmedia":[{"embeddable":true,"href":"https:\/\/www.egemtv.com\/index.php?rest_route=\/wp\/v2\/media\/51329"}],"wp:attachment":[{"href":"https:\/\/www.egemtv.com\/index.php?rest_route=%2Fwp%2Fv2%2Fmedia&parent=51328"}],"wp:term":[{"taxonomy":"category","embeddable":true,"href":"https:\/\/www.egemtv.com\/index.php?rest_route=%2Fwp%2Fv2%2Fcategories&post=51328"},{"taxonomy":"post_tag","embeddable":true,"href":"https:\/\/www.egemtv.com\/index.php?rest_route=%2Fwp%2Fv2%2Ftags&post=51328"}],"curies":[{"name":"wp","href":"https:\/\/api.w.org\/{rel}","templated":true}]}}