{"id":51322,"date":"2025-08-26T14:55:04","date_gmt":"2025-08-26T11:55:04","guid":{"rendered":"https:\/\/www.egemtv.com\/?p=51322"},"modified":"2025-08-26T14:55:05","modified_gmt":"2025-08-26T11:55:05","slug":"koruma-altina-alinan-akdeniz-foku-kontrollerinin-ardindan-sahile-birakildi","status":"publish","type":"post","link":"https:\/\/www.egemtv.com\/?p=51322","title":{"rendered":"Koruma alt\u0131na al\u0131nan Akdeniz foku, kontrollerinin ard\u0131ndan sahile b\u0131rak\u0131ld\u0131"},"content":{"rendered":"<p>Mu\u011fla\u2019n\u0131n Dat\u00e7a il\u00e7esinde sahile \u00e7\u0131kan ve vatanda\u015flar\u0131n dikkati sayesinde koruma at\u0131na al\u0131nan Akdeniz foku, gerekli kontrollerinin ard\u0131ndan dinlenmesi i\u00e7in bulundu\u011fu sahile geri b\u0131rak\u0131ld\u0131.<br \/>\n<br \/>Mu\u011fla\u2019n\u0131n Dat\u00e7a il\u00e7esi Palamutb\u00fck\u00fc Gerence mevkiinde denize giren vatanda\u015flar, suyun i\u00e7inde bir fok g\u00f6rd\u00fc. K\u0131y\u0131ya yakla\u015farak sahile \u00e7\u0131kan fokun hasta ya da yaral\u0131 olabilece\u011fini d\u00fc\u015f\u00fcnen vatanda\u015flar, durumu Do\u011fa Koruma ve Milli Parklar M\u00fcd\u00fcrl\u00fc\u011f\u00fc ekiplerine bildirdi. Olay yerine gelen ekiplerin yapt\u0131\u011f\u0131 ilk incelemede fokta yara ya da darp izine rastlanmad\u0131. Ancak hayvan\u0131n i\u00e7 hastal\u0131k ihtimali g\u00f6z \u00f6n\u00fcnde bulundurularak durum Dat\u00e7a Tar\u0131m ve Orman \u0130l\u00e7e M\u00fcd\u00fcrl\u00fc\u011f\u00fc\u2019ne aktar\u0131ld\u0131. B\u00f6lgeye sevk edilen su \u00fcr\u00fcnleri m\u00fchendislerinin yapt\u0131\u011f\u0131 kontrollerde de herhangi bir darp ya da yaralanma belirtisine rastlanmazken, genel sa\u011fl\u0131k durumunun netle\u015fmesi i\u00e7in Akdeniz foku veteriner hekim taraf\u0131ndan yeniden kontrol edilmek \u00fczere koruma alt\u0131na al\u0131nd\u0131.<br \/>\n<br \/>Veteriner hekim taraf\u0131ndan yap\u0131lan gerekli kontrollerin ard\u0131ndan herhangi bir sa\u011fl\u0131k sorunu tespit edilemeyen Akdeniz foku, dinlenmesi ve yeniden denize d\u00f6nmesi i\u00e7in Dat\u00e7a \u0130l\u00e7e Tar\u0131m ve Orman M\u00fcd\u00fcrl\u00fc\u011f\u00fc ekiplerinin g\u00f6zetiminde bulundu\u011fu sahile geri b\u0131rak\u0131ld\u0131. Ya\u015fad\u0131\u011f\u0131 korku sebebiyle h\u0131r\u00e7\u0131nla\u015fan ve sald\u0131rganla\u015fan Akdeniz fokunun, b\u00f6lgedeki vatanda\u015flara zarar vermemesi ve vatanda\u015flar taraf\u0131ndan da zarar g\u00f6rmemesi i\u00e7in b\u00f6lgeye sevk edilen jandarma ekiplerince b\u00f6lgede g\u00fcvenlik \u015feridi \u00e7ekildi. Akdeniz foku, dinlenip tekrar denize d\u00f6nene kadar ekipler taraf\u0131ndan g\u00f6zetim alt\u0131na al\u0131nd\u0131\u011f\u0131 \u00f6\u011frenildi.<br \/><\/p>\n","protected":false},"excerpt":{"rendered":"<p>Mu\u011fla\u2019n\u0131n Dat\u00e7a il\u00e7esinde sahile \u00e7\u0131kan ve vatanda\u015flar\u0131n dikkati sayesinde koruma at\u0131na al\u0131nan Akdeniz foku, gerekli kontrollerinin ard\u0131ndan dinlenmesi i\u00e7in bulundu\u011fu sahile geri b\u0131rak\u0131ld\u0131. Mu\u011fla\u2019n\u0131n Dat\u00e7a il\u00e7esi Palamutb\u00fck\u00fc Gerence mevkiinde denize giren vatanda\u015flar, suyun i\u00e7inde bir fok g\u00f6rd\u00fc. K\u0131y\u0131ya yakla\u015farak sahile \u00e7\u0131kan fokun hasta ya da yaral\u0131 olabilece\u011fini d\u00fc\u015f\u00fcnen vatanda\u015flar, durumu Do\u011fa Koruma ve Milli Parklar&#8230;<\/p>\n","protected":false},"author":1,"featured_media":51323,"comment_status":"open","ping_status":"open","sticky":false,"template":"","format":"standard","meta":{"_crdt_document":"","footnotes":""},"categories":[1],"tags":[],"class_list":["post-51322","post","type-post","status-publish","format-standard","has-post-thumbnail","hentry","category-guncel"],"_links":{"self":[{"href":"https:\/\/www.egemtv.com\/index.php?rest_route=\/wp\/v2\/posts\/51322","targetHints":{"allow":["GET"]}}],"collection":[{"href":"https:\/\/www.egemtv.com\/index.php?rest_route=\/wp\/v2\/posts"}],"about":[{"href":"https:\/\/www.egemtv.com\/index.php?rest_route=\/wp\/v2\/types\/post"}],"author":[{"embeddable":true,"href":"https:\/\/www.egemtv.com\/index.php?rest_route=\/wp\/v2\/users\/1"}],"replies":[{"embeddable":true,"href":"https:\/\/www.egemtv.com\/index.php?rest_route=%2Fwp%2Fv2%2Fcomments&post=51322"}],"version-history":[{"count":1,"href":"https:\/\/www.egemtv.com\/index.php?rest_route=\/wp\/v2\/posts\/51322\/revisions"}],"predecessor-version":[{"id":51324,"href":"https:\/\/www.egemtv.com\/index.php?rest_route=\/wp\/v2\/posts\/51322\/revisions\/51324"}],"wp:featuredmedia":[{"embeddable":true,"href":"https:\/\/www.egemtv.com\/index.php?rest_route=\/wp\/v2\/media\/51323"}],"wp:attachment":[{"href":"https:\/\/www.egemtv.com\/index.php?rest_route=%2Fwp%2Fv2%2Fmedia&parent=51322"}],"wp:term":[{"taxonomy":"category","embeddable":true,"href":"https:\/\/www.egemtv.com\/index.php?rest_route=%2Fwp%2Fv2%2Fcategories&post=51322"},{"taxonomy":"post_tag","embeddable":true,"href":"https:\/\/www.egemtv.com\/index.php?rest_route=%2Fwp%2Fv2%2Ftags&post=51322"}],"curies":[{"name":"wp","href":"https:\/\/api.w.org\/{rel}","templated":true}]}}