{"id":51319,"date":"2025-08-26T14:34:50","date_gmt":"2025-08-26T11:34:50","guid":{"rendered":"https:\/\/www.egemtv.com\/?p=51319"},"modified":"2025-08-26T14:34:51","modified_gmt":"2025-08-26T11:34:51","slug":"aydinda-zirai-alan-yangini-3","status":"publish","type":"post","link":"https:\/\/www.egemtv.com\/?p=51319","title":{"rendered":"Ayd\u0131n\u2019da zirai alan yang\u0131n\u0131"},"content":{"rendered":"<p>Ayd\u0131n\u2019\u0131n K\u00f6\u015fk il\u00e7esinde zirai alanda \u00e7\u0131kan yang\u0131na ekipler havadan ve karadan m\u00fcdahale ediyor.<br \/>\n<br \/>Yang\u0131n, Ba\u015f\u00e7ay\u0131r Mahallesi giri\u015findeki mezarl\u0131k kar\u015f\u0131s\u0131ndaki zirai alanda saat 13.30 s\u0131ralar\u0131nda meydana geldi. Edinilen bilgiye g\u00f6re, zeytin ve incir a\u011fa\u00e7lar\u0131n\u0131n bulundu\u011fu tepede hen\u00fcz bilinmeyen bir nedenle yang\u0131n \u00e7\u0131kt\u0131. Alevleri fark eden vatanda\u015flar durumu 112 Acil \u00c7a\u011fr\u0131 Merkezi\u2019ne bildirdi. \u0130hbar \u00fczerine b\u00f6lgeye orman ve itfaiye ekipleri sevk edildi. K\u0131sa s\u00fcrede olay yerine gelen Mu\u011fla Orman B\u00f6lge M\u00fcd\u00fcrl\u00fc\u011f\u00fc ve Ayd\u0131n B\u00fcy\u00fck\u015fehir Belediyesi \u0130tfaiye Daire Ba\u015fkanl\u0131\u011f\u0131 ekipleri yang\u0131na m\u00fcdahale etti. Hava ara\u00e7lar\u0131n\u0131n sortileri ile ekiplere destek verdi\u011fi yang\u0131n\u0131 kontrol alt\u0131na almak i\u00e7in \u00e7al\u0131\u015fmalar s\u00fcr\u00fcyor.<br \/><\/p>\n","protected":false},"excerpt":{"rendered":"<p>Ayd\u0131n\u2019\u0131n K\u00f6\u015fk il\u00e7esinde zirai alanda \u00e7\u0131kan yang\u0131na ekipler havadan ve karadan m\u00fcdahale ediyor. Yang\u0131n, Ba\u015f\u00e7ay\u0131r Mahallesi giri\u015findeki mezarl\u0131k kar\u015f\u0131s\u0131ndaki zirai alanda saat 13.30 s\u0131ralar\u0131nda meydana geldi. Edinilen bilgiye g\u00f6re, zeytin ve incir a\u011fa\u00e7lar\u0131n\u0131n bulundu\u011fu tepede hen\u00fcz bilinmeyen bir nedenle yang\u0131n \u00e7\u0131kt\u0131. Alevleri fark eden vatanda\u015flar durumu 112 Acil \u00c7a\u011fr\u0131 Merkezi\u2019ne bildirdi. \u0130hbar \u00fczerine b\u00f6lgeye orman&#8230;<\/p>\n","protected":false},"author":1,"featured_media":51320,"comment_status":"open","ping_status":"open","sticky":false,"template":"","format":"standard","meta":{"_crdt_document":"","footnotes":""},"categories":[5],"tags":[],"class_list":["post-51319","post","type-post","status-publish","format-standard","has-post-thumbnail","hentry","category-asayis"],"_links":{"self":[{"href":"https:\/\/www.egemtv.com\/index.php?rest_route=\/wp\/v2\/posts\/51319","targetHints":{"allow":["GET"]}}],"collection":[{"href":"https:\/\/www.egemtv.com\/index.php?rest_route=\/wp\/v2\/posts"}],"about":[{"href":"https:\/\/www.egemtv.com\/index.php?rest_route=\/wp\/v2\/types\/post"}],"author":[{"embeddable":true,"href":"https:\/\/www.egemtv.com\/index.php?rest_route=\/wp\/v2\/users\/1"}],"replies":[{"embeddable":true,"href":"https:\/\/www.egemtv.com\/index.php?rest_route=%2Fwp%2Fv2%2Fcomments&post=51319"}],"version-history":[{"count":1,"href":"https:\/\/www.egemtv.com\/index.php?rest_route=\/wp\/v2\/posts\/51319\/revisions"}],"predecessor-version":[{"id":51321,"href":"https:\/\/www.egemtv.com\/index.php?rest_route=\/wp\/v2\/posts\/51319\/revisions\/51321"}],"wp:featuredmedia":[{"embeddable":true,"href":"https:\/\/www.egemtv.com\/index.php?rest_route=\/wp\/v2\/media\/51320"}],"wp:attachment":[{"href":"https:\/\/www.egemtv.com\/index.php?rest_route=%2Fwp%2Fv2%2Fmedia&parent=51319"}],"wp:term":[{"taxonomy":"category","embeddable":true,"href":"https:\/\/www.egemtv.com\/index.php?rest_route=%2Fwp%2Fv2%2Fcategories&post=51319"},{"taxonomy":"post_tag","embeddable":true,"href":"https:\/\/www.egemtv.com\/index.php?rest_route=%2Fwp%2Fv2%2Ftags&post=51319"}],"curies":[{"name":"wp","href":"https:\/\/api.w.org\/{rel}","templated":true}]}}