{"id":51316,"date":"2025-08-26T14:34:49","date_gmt":"2025-08-26T11:34:49","guid":{"rendered":"https:\/\/www.egemtv.com\/?p=51316"},"modified":"2025-08-26T14:34:50","modified_gmt":"2025-08-26T11:34:50","slug":"zeytin-bahcelerinde-zararli-kontrolleri-yapildi","status":"publish","type":"post","link":"https:\/\/www.egemtv.com\/?p=51316","title":{"rendered":"Zeytin bah\u00e7elerinde zararl\u0131 kontrolleri yap\u0131ld\u0131"},"content":{"rendered":"<p>T\u00fcrkiye\u2019nin \u00f6nemli tar\u0131m kentlerinden olan Ayd\u0131n\u2019\u0131n Didim il\u00e7esinde sahaya inen il\u00e7e tar\u0131m ekipleri, zeytin bah\u00e7elerinde hastal\u0131k ve zararl\u0131 kontrolleri ger\u00e7ekle\u015ftirdi.<br \/>\n<br \/>Didim \u0130l\u00e7e Tar\u0131m ve Orman M\u00fcd\u00fcrl\u00fc\u011f\u00fc personelleri bitki sa\u011fl\u0131\u011f\u0131 ile ilgili konularda arazide periyodik kontrollerine devam ediyor. Bu \u00e7er\u00e7evede sahaya inen ekipler, monit\u00f6r tuzaklar\u0131n haftal\u0131k say\u0131mlar\u0131n\u0131 yaparken, bir yandan da bah\u00e7e kontrolleri ger\u00e7ekle\u015ftirdi. Zeytin sine\u011fine kar\u015f\u0131 bah\u00e7elerde de zararl\u0131 pop\u00fclasyonlar incelenirken, hastal\u0131k kontrolleri de yap\u0131ld\u0131. \u00dcreticilerin \u00fcr\u00fcnlerinin sa\u011fl\u0131kl\u0131 bir \u015fekilde yeti\u015fmesi hedefiyle saha \u00e7al\u0131\u015fmalar\u0131n\u0131n aral\u0131ks\u0131z olarak devam edece\u011fi \u00f6\u011frenildi.<br \/>\n<br \/>Konu ile ilgili Didim \u0130l\u00e7e Tar\u0131m ve Orman M\u00fcd\u00fcrl\u00fc\u011f\u00fc\u2019nden yap\u0131lan a\u00e7\u0131klamada &#8220;\u0130l\u00e7emiz zeytin alanlar\u0131nda zararl\u0131 kontrolleri yap\u0131ld\u0131. Bah\u00e7e ziyaretlerinde \u00fcreticiler, zeytin sine\u011fi ve m\u00fccadelesi konular\u0131nda bilgilendirildi&#8221; ifadeleri yer ald\u0131.<br \/><\/p>\n","protected":false},"excerpt":{"rendered":"<p>T\u00fcrkiye\u2019nin \u00f6nemli tar\u0131m kentlerinden olan Ayd\u0131n\u2019\u0131n Didim il\u00e7esinde sahaya inen il\u00e7e tar\u0131m ekipleri, zeytin bah\u00e7elerinde hastal\u0131k ve zararl\u0131 kontrolleri ger\u00e7ekle\u015ftirdi. Didim \u0130l\u00e7e Tar\u0131m ve Orman M\u00fcd\u00fcrl\u00fc\u011f\u00fc personelleri bitki sa\u011fl\u0131\u011f\u0131 ile ilgili konularda arazide periyodik kontrollerine devam ediyor. Bu \u00e7er\u00e7evede sahaya inen ekipler, monit\u00f6r tuzaklar\u0131n haftal\u0131k say\u0131mlar\u0131n\u0131 yaparken, bir yandan da bah\u00e7e kontrolleri ger\u00e7ekle\u015ftirdi. Zeytin sine\u011fine&#8230;<\/p>\n","protected":false},"author":1,"featured_media":51317,"comment_status":"open","ping_status":"open","sticky":false,"template":"","format":"standard","meta":{"_crdt_document":"","footnotes":""},"categories":[1],"tags":[],"class_list":["post-51316","post","type-post","status-publish","format-standard","has-post-thumbnail","hentry","category-guncel"],"_links":{"self":[{"href":"https:\/\/www.egemtv.com\/index.php?rest_route=\/wp\/v2\/posts\/51316","targetHints":{"allow":["GET"]}}],"collection":[{"href":"https:\/\/www.egemtv.com\/index.php?rest_route=\/wp\/v2\/posts"}],"about":[{"href":"https:\/\/www.egemtv.com\/index.php?rest_route=\/wp\/v2\/types\/post"}],"author":[{"embeddable":true,"href":"https:\/\/www.egemtv.com\/index.php?rest_route=\/wp\/v2\/users\/1"}],"replies":[{"embeddable":true,"href":"https:\/\/www.egemtv.com\/index.php?rest_route=%2Fwp%2Fv2%2Fcomments&post=51316"}],"version-history":[{"count":1,"href":"https:\/\/www.egemtv.com\/index.php?rest_route=\/wp\/v2\/posts\/51316\/revisions"}],"predecessor-version":[{"id":51318,"href":"https:\/\/www.egemtv.com\/index.php?rest_route=\/wp\/v2\/posts\/51316\/revisions\/51318"}],"wp:featuredmedia":[{"embeddable":true,"href":"https:\/\/www.egemtv.com\/index.php?rest_route=\/wp\/v2\/media\/51317"}],"wp:attachment":[{"href":"https:\/\/www.egemtv.com\/index.php?rest_route=%2Fwp%2Fv2%2Fmedia&parent=51316"}],"wp:term":[{"taxonomy":"category","embeddable":true,"href":"https:\/\/www.egemtv.com\/index.php?rest_route=%2Fwp%2Fv2%2Fcategories&post=51316"},{"taxonomy":"post_tag","embeddable":true,"href":"https:\/\/www.egemtv.com\/index.php?rest_route=%2Fwp%2Fv2%2Ftags&post=51316"}],"curies":[{"name":"wp","href":"https:\/\/api.w.org\/{rel}","templated":true}]}}