{"id":51313,"date":"2025-08-26T14:15:46","date_gmt":"2025-08-26T11:15:46","guid":{"rendered":"https:\/\/www.egemtv.com\/?p=51313"},"modified":"2025-08-26T14:15:46","modified_gmt":"2025-08-26T11:15:46","slug":"salihli-bbpde-ahmet-ucak-donemi","status":"publish","type":"post","link":"https:\/\/www.egemtv.com\/?p=51313","title":{"rendered":"Salihli BBP\u2019de Ahmet U\u00e7ak d\u00f6nemi"},"content":{"rendered":"<p>B\u00fcy\u00fck Birlik Partisi (BBP) Salihli \u0130l\u00e7e Kongresinde ba\u015fkanl\u0131\u011fa Ahmet U\u00e7ak se\u00e7ildi.<br \/>\n<br \/>B\u00fcy\u00fck Birlik Partisi (BBP) Salihli \u0130l\u00e7e Te\u015fkilat\u0131 ola\u011fan kongresini il\u00e7e binas\u0131nda ger\u00e7ekle\u015ftirdi. Divan Ba\u015fkanl\u0131\u011f\u0131n\u0131 \u0130smail Hakk\u0131 Bak\u0131r\u2019\u0131n yapt\u0131\u011f\u0131 kongrede mevcut ba\u015fkan Ahmet Ali Curac\u0131 aday olmazken, se\u00e7imlere tek liste ile Ahmet U\u00e7ak kat\u0131ld\u0131. \u00dcyelerin oyunu alan Ahmet U\u00e7ak, Salihli B\u00fcy\u00fck Birlik Partisi Salihli \u0130l\u00e7e Te\u015fkilat\u0131\u2019n\u0131n yeni ba\u015fkan\u0131 se\u00e7ildi.<br \/>\n<br \/>Yeni ba\u015fkan U\u00e7ak, B\u00fcy\u00fck Birlik Partisi bayra\u011f\u0131n\u0131 Salihli\u2019de en iyi \u015fekilde temsil edeceklerini s\u00f6yledi.<br \/>\n<br \/>Ahmet U\u00e7ak Ba\u015fkanl\u0131\u011f\u0131\u2019ndaki Salihli B\u00fcy\u00fck Birlik Partisi Salihli \u0130l\u00e7e y\u00f6netimi Uysal Curac\u0131, Mustafa Aydemir, Abd\u00fclmecit G\u00fczel, Ahmet Ali Curac\u0131, Emre Aras Telli ve H\u00fcseyin \u00d6z\u00e7elik\u2019ten olu\u015ftu.<br \/><\/p>\n","protected":false},"excerpt":{"rendered":"<p>B\u00fcy\u00fck Birlik Partisi (BBP) Salihli \u0130l\u00e7e Kongresinde ba\u015fkanl\u0131\u011fa Ahmet U\u00e7ak se\u00e7ildi. B\u00fcy\u00fck Birlik Partisi (BBP) Salihli \u0130l\u00e7e Te\u015fkilat\u0131 ola\u011fan kongresini il\u00e7e binas\u0131nda ger\u00e7ekle\u015ftirdi. Divan Ba\u015fkanl\u0131\u011f\u0131n\u0131 \u0130smail Hakk\u0131 Bak\u0131r\u2019\u0131n yapt\u0131\u011f\u0131 kongrede mevcut ba\u015fkan Ahmet Ali Curac\u0131 aday olmazken, se\u00e7imlere tek liste ile Ahmet U\u00e7ak kat\u0131ld\u0131. \u00dcyelerin oyunu alan Ahmet U\u00e7ak, Salihli B\u00fcy\u00fck Birlik Partisi Salihli \u0130l\u00e7e&#8230;<\/p>\n","protected":false},"author":1,"featured_media":51314,"comment_status":"open","ping_status":"open","sticky":false,"template":"","format":"standard","meta":{"_crdt_document":"","footnotes":""},"categories":[127],"tags":[],"class_list":["post-51313","post","type-post","status-publish","format-standard","has-post-thumbnail","hentry","category-siyaset"],"_links":{"self":[{"href":"https:\/\/www.egemtv.com\/index.php?rest_route=\/wp\/v2\/posts\/51313","targetHints":{"allow":["GET"]}}],"collection":[{"href":"https:\/\/www.egemtv.com\/index.php?rest_route=\/wp\/v2\/posts"}],"about":[{"href":"https:\/\/www.egemtv.com\/index.php?rest_route=\/wp\/v2\/types\/post"}],"author":[{"embeddable":true,"href":"https:\/\/www.egemtv.com\/index.php?rest_route=\/wp\/v2\/users\/1"}],"replies":[{"embeddable":true,"href":"https:\/\/www.egemtv.com\/index.php?rest_route=%2Fwp%2Fv2%2Fcomments&post=51313"}],"version-history":[{"count":1,"href":"https:\/\/www.egemtv.com\/index.php?rest_route=\/wp\/v2\/posts\/51313\/revisions"}],"predecessor-version":[{"id":51315,"href":"https:\/\/www.egemtv.com\/index.php?rest_route=\/wp\/v2\/posts\/51313\/revisions\/51315"}],"wp:featuredmedia":[{"embeddable":true,"href":"https:\/\/www.egemtv.com\/index.php?rest_route=\/wp\/v2\/media\/51314"}],"wp:attachment":[{"href":"https:\/\/www.egemtv.com\/index.php?rest_route=%2Fwp%2Fv2%2Fmedia&parent=51313"}],"wp:term":[{"taxonomy":"category","embeddable":true,"href":"https:\/\/www.egemtv.com\/index.php?rest_route=%2Fwp%2Fv2%2Fcategories&post=51313"},{"taxonomy":"post_tag","embeddable":true,"href":"https:\/\/www.egemtv.com\/index.php?rest_route=%2Fwp%2Fv2%2Ftags&post=51313"}],"curies":[{"name":"wp","href":"https:\/\/api.w.org\/{rel}","templated":true}]}}