{"id":51310,"date":"2025-08-26T14:15:45","date_gmt":"2025-08-26T11:15:45","guid":{"rendered":"https:\/\/www.egemtv.com\/?p=51310"},"modified":"2025-08-26T14:15:46","modified_gmt":"2025-08-26T11:15:46","slug":"soloturk-ucus-ekibinden-demirci-belediyesine-ziyaret","status":"publish","type":"post","link":"https:\/\/www.egemtv.com\/?p=51310","title":{"rendered":"SOLOT\u00dcRK u\u00e7u\u015f ekibinden Demirci Belediyesine ziyaret"},"content":{"rendered":"<p>Manisa\u2019n\u0131n Demirci il\u00e7esinde SOLOT\u00dcRK u\u00e7u\u015f ekibi Belediye Ba\u015fkan\u0131 Erkan Kara\u2019y\u0131 makam\u0131nda ziyaret ederken, YKS\u2019de ba\u015far\u0131 g\u00f6steren \u00f6\u011frencileri de tebrik etti.<br \/>\n<br \/>Demirci Kurtulu\u015f Festivali dolay\u0131s\u0131yla il\u00e7ede g\u00f6steri yapacak olan SOLOT\u00dcRK u\u00e7u\u015f ekibi Birinci Pilot Binba\u015f\u0131 Murat Bak\u0131c\u0131, \u0130kinci Pilot Binba\u015f\u0131 M. Erhan Aydemir, Bas\u0131n ve Halkla \u0130li\u015fkiler Subay\u0131 \u00dcste\u011fmen \u015e\u00fckr\u00fc Alper \u015een ve Bas\u0131n ve Halkla \u0130li\u015fkiler Astsubay\u0131 \u00dcst\u00e7avu\u015f Muhammed B\u00f6l\u00fckba\u015f\u0131 Demirci Belediyesi ziyaretinde Ba\u015fkan Erkan Kara ile bir araya geldi.<br \/>\n<br \/>YKS 2025\u2019te b\u00fcy\u00fck bir ba\u015far\u0131ya imza atan \u00f6\u011frencilerle de bir araya gelen SOLOT\u00dcRK u\u00e7u\u015f ekibi \u00e7e\u015fitli hediyeler takdim ederek tebrik etti.<br \/>\n<br \/>\u00d6\u011frencilerle sohbet eden Hava pilot Binba\u015f\u0131 Murat Bak\u0131c\u0131 ve Hava pilot Binba\u015f\u0131 Erhan Aydemir, \u00d6\u011frencilerle tecr\u00fcbelerini payla\u015farak, SOLOT\u00dcRK\u2019\u00fcn \u00e7al\u0131\u015fmalar\u0131n\u0131 anlatt\u0131.<br \/>\n<br \/>Belediye Ba\u015fkan\u0131 Erkan Kara yapt\u0131\u011f\u0131 a\u00e7\u0131klamada, &#8220;SOLOT\u00dcRK, T\u00fcrk milletinin ba\u011fr\u0131ndan \u00e7\u0131kan, T\u00fcrk milletinin g\u00fcc\u00fc ve kudretini b\u00fct\u00fcn d\u00fcnyaya g\u00f6steren bir ekiptir. SOLOT\u00dcRK F-16 akrobasi timi 24 A\u011fustos\u2019ta alan ke\u015fif ve prova u\u00e7u\u015flar\u0131n\u0131 tamamlad\u0131lar. 27 A\u011fustos\u2019ta E\u011fitim Fak\u00fcltesi arkas\u0131nda bulunan suni \u00e7im sahada saat: 18.30\u2019da kurtulu\u015f festivalimiz kapsam\u0131nda Demirci Ak\u0131nc\u0131lar\u0131n\u0131 Selamlama u\u00e7u\u015funu icra edecekler. T\u00fcm hem\u015ferilerimizi bu gurur dolu, g\u00f6rsel \u015f\u00f6lene davet ediyorum.&#8221; dedi.<br \/><\/p>\n","protected":false},"excerpt":{"rendered":"<p>Manisa\u2019n\u0131n Demirci il\u00e7esinde SOLOT\u00dcRK u\u00e7u\u015f ekibi Belediye Ba\u015fkan\u0131 Erkan Kara\u2019y\u0131 makam\u0131nda ziyaret ederken, YKS\u2019de ba\u015far\u0131 g\u00f6steren \u00f6\u011frencileri de tebrik etti. Demirci Kurtulu\u015f Festivali dolay\u0131s\u0131yla il\u00e7ede g\u00f6steri yapacak olan SOLOT\u00dcRK u\u00e7u\u015f ekibi Birinci Pilot Binba\u015f\u0131 Murat Bak\u0131c\u0131, \u0130kinci Pilot Binba\u015f\u0131 M. Erhan Aydemir, Bas\u0131n ve Halkla \u0130li\u015fkiler Subay\u0131 \u00dcste\u011fmen \u015e\u00fckr\u00fc Alper \u015een ve Bas\u0131n ve Halkla&#8230;<\/p>\n","protected":false},"author":1,"featured_media":51311,"comment_status":"open","ping_status":"open","sticky":false,"template":"","format":"standard","meta":{"_crdt_document":"","footnotes":""},"categories":[1],"tags":[],"class_list":["post-51310","post","type-post","status-publish","format-standard","has-post-thumbnail","hentry","category-guncel"],"_links":{"self":[{"href":"https:\/\/www.egemtv.com\/index.php?rest_route=\/wp\/v2\/posts\/51310","targetHints":{"allow":["GET"]}}],"collection":[{"href":"https:\/\/www.egemtv.com\/index.php?rest_route=\/wp\/v2\/posts"}],"about":[{"href":"https:\/\/www.egemtv.com\/index.php?rest_route=\/wp\/v2\/types\/post"}],"author":[{"embeddable":true,"href":"https:\/\/www.egemtv.com\/index.php?rest_route=\/wp\/v2\/users\/1"}],"replies":[{"embeddable":true,"href":"https:\/\/www.egemtv.com\/index.php?rest_route=%2Fwp%2Fv2%2Fcomments&post=51310"}],"version-history":[{"count":1,"href":"https:\/\/www.egemtv.com\/index.php?rest_route=\/wp\/v2\/posts\/51310\/revisions"}],"predecessor-version":[{"id":51312,"href":"https:\/\/www.egemtv.com\/index.php?rest_route=\/wp\/v2\/posts\/51310\/revisions\/51312"}],"wp:featuredmedia":[{"embeddable":true,"href":"https:\/\/www.egemtv.com\/index.php?rest_route=\/wp\/v2\/media\/51311"}],"wp:attachment":[{"href":"https:\/\/www.egemtv.com\/index.php?rest_route=%2Fwp%2Fv2%2Fmedia&parent=51310"}],"wp:term":[{"taxonomy":"category","embeddable":true,"href":"https:\/\/www.egemtv.com\/index.php?rest_route=%2Fwp%2Fv2%2Fcategories&post=51310"},{"taxonomy":"post_tag","embeddable":true,"href":"https:\/\/www.egemtv.com\/index.php?rest_route=%2Fwp%2Fv2%2Ftags&post=51310"}],"curies":[{"name":"wp","href":"https:\/\/api.w.org\/{rel}","templated":true}]}}