{"id":51307,"date":"2025-08-26T14:15:44","date_gmt":"2025-08-26T11:15:44","guid":{"rendered":"https:\/\/www.egemtv.com\/?p=51307"},"modified":"2025-08-26T14:15:45","modified_gmt":"2025-08-26T11:15:45","slug":"ispartada-uyusturucu-operasyonu","status":"publish","type":"post","link":"https:\/\/www.egemtv.com\/?p=51307","title":{"rendered":"Isparta\u2019da uyu\u015fturucu operasyonu"},"content":{"rendered":"<p>Isparta \u0130l Emniyet M\u00fcd\u00fcrl\u00fc\u011f\u00fc ekiplerince Sanayi Mahallesi\u2019nde ger\u00e7ekle\u015ftirilen operasyonda 2 \u015fahs\u0131n \u00fczerinden sentetik kannabinoid, metamfetamin ve sentetik ecza ele ge\u00e7irildi.<br \/>\n<br \/>Isparta \u0130l Emniyet M\u00fcd\u00fcrl\u00fc\u011f\u00fc ekipleri, 25 A\u011fustos Pazartesi g\u00fcn\u00fc Sanayi Mahallesi 104. Cadde\u2019de uygulama ger\u00e7ekle\u015ftirdi. Yap\u0131lan \u00e7al\u0131\u015fmada, 2 \u015fahs\u0131n \u00fczerinden 112 i\u00e7imlik sentetik kannabinoid, 0,12 gram metamfetamin ve sentetik ecza ele ge\u00e7irildi. Ele ge\u00e7irilen su\u00e7 unsurlar\u0131na el konulurken, \u015f\u00fcpheliler hakk\u0131nda gerekli adli i\u015flemler ba\u015flat\u0131ld\u0131.<br \/><\/p>\n","protected":false},"excerpt":{"rendered":"<p>Isparta \u0130l Emniyet M\u00fcd\u00fcrl\u00fc\u011f\u00fc ekiplerince Sanayi Mahallesi\u2019nde ger\u00e7ekle\u015ftirilen operasyonda 2 \u015fahs\u0131n \u00fczerinden sentetik kannabinoid, metamfetamin ve sentetik ecza ele ge\u00e7irildi. Isparta \u0130l Emniyet M\u00fcd\u00fcrl\u00fc\u011f\u00fc ekipleri, 25 A\u011fustos Pazartesi g\u00fcn\u00fc Sanayi Mahallesi 104. Cadde\u2019de uygulama ger\u00e7ekle\u015ftirdi. Yap\u0131lan \u00e7al\u0131\u015fmada, 2 \u015fahs\u0131n \u00fczerinden 112 i\u00e7imlik sentetik kannabinoid, 0,12 gram metamfetamin ve sentetik ecza ele ge\u00e7irildi. Ele ge\u00e7irilen su\u00e7&#8230;<\/p>\n","protected":false},"author":1,"featured_media":51308,"comment_status":"open","ping_status":"open","sticky":false,"template":"","format":"standard","meta":{"_crdt_document":"","footnotes":""},"categories":[5],"tags":[],"class_list":["post-51307","post","type-post","status-publish","format-standard","has-post-thumbnail","hentry","category-asayis"],"_links":{"self":[{"href":"https:\/\/www.egemtv.com\/index.php?rest_route=\/wp\/v2\/posts\/51307","targetHints":{"allow":["GET"]}}],"collection":[{"href":"https:\/\/www.egemtv.com\/index.php?rest_route=\/wp\/v2\/posts"}],"about":[{"href":"https:\/\/www.egemtv.com\/index.php?rest_route=\/wp\/v2\/types\/post"}],"author":[{"embeddable":true,"href":"https:\/\/www.egemtv.com\/index.php?rest_route=\/wp\/v2\/users\/1"}],"replies":[{"embeddable":true,"href":"https:\/\/www.egemtv.com\/index.php?rest_route=%2Fwp%2Fv2%2Fcomments&post=51307"}],"version-history":[{"count":1,"href":"https:\/\/www.egemtv.com\/index.php?rest_route=\/wp\/v2\/posts\/51307\/revisions"}],"predecessor-version":[{"id":51309,"href":"https:\/\/www.egemtv.com\/index.php?rest_route=\/wp\/v2\/posts\/51307\/revisions\/51309"}],"wp:featuredmedia":[{"embeddable":true,"href":"https:\/\/www.egemtv.com\/index.php?rest_route=\/wp\/v2\/media\/51308"}],"wp:attachment":[{"href":"https:\/\/www.egemtv.com\/index.php?rest_route=%2Fwp%2Fv2%2Fmedia&parent=51307"}],"wp:term":[{"taxonomy":"category","embeddable":true,"href":"https:\/\/www.egemtv.com\/index.php?rest_route=%2Fwp%2Fv2%2Fcategories&post=51307"},{"taxonomy":"post_tag","embeddable":true,"href":"https:\/\/www.egemtv.com\/index.php?rest_route=%2Fwp%2Fv2%2Ftags&post=51307"}],"curies":[{"name":"wp","href":"https:\/\/api.w.org\/{rel}","templated":true}]}}