{"id":51304,"date":"2025-08-26T14:15:43","date_gmt":"2025-08-26T11:15:43","guid":{"rendered":"https:\/\/www.egemtv.com\/?p=51304"},"modified":"2025-08-26T14:15:44","modified_gmt":"2025-08-26T11:15:44","slug":"turgutluda-cikan-yanginda-2-muhabbet-kusu-telef-oldu","status":"publish","type":"post","link":"https:\/\/www.egemtv.com\/?p=51304","title":{"rendered":"Turgutlu\u2019da \u00e7\u0131kan yang\u0131nda 2 muhabbet ku\u015fu telef oldu"},"content":{"rendered":"<p>Manisa\u2019n\u0131n Turgutlu il\u00e7esinde bir evde \u00e7\u0131kan yang\u0131n maddi hasara neden olurken evde bak\u0131lan 2 muhabbet ku\u015funun dumandan etkilenerek telef oldu\u011fu \u00f6\u011frenildi.<br \/>\n<br \/>Yang\u0131n bug\u00fcn saat 13.00 s\u0131ralar\u0131nda Turgutlu il\u00e7esi Cumhuriyet Mahallesi Ok\u00e7ular Sokakta bulunan bir apartman\u0131n 1. kat\u0131nda \u00e7\u0131kt\u0131.  Haber verilmesi \u00fczerine olay yerine itfaiye, acil sa\u011fl\u0131k ve polis ekipleri sevk edildi. \u0130tfaiye ekiplerinin m\u00fcdahalesi sonucu s\u00f6nd\u00fcr\u00fclen yang\u0131n\u0131n mutfakta bulunan buzdolab\u0131n\u0131n elektrik aksam\u0131ndan ba\u015flad\u0131\u011f\u0131 tahmin edilirken evde maddi hasar meydana geldi\u011fi ve o s\u0131rada evde bulunan 2 muhabbet ku\u015funun dumandan etkilenerek telef oldu\u011fu \u00f6\u011frenildi. Yang\u0131nla ilgili inceleme ba\u015flat\u0131ld\u0131.<br \/><\/p>\n","protected":false},"excerpt":{"rendered":"<p>Manisa\u2019n\u0131n Turgutlu il\u00e7esinde bir evde \u00e7\u0131kan yang\u0131n maddi hasara neden olurken evde bak\u0131lan 2 muhabbet ku\u015funun dumandan etkilenerek telef oldu\u011fu \u00f6\u011frenildi. Yang\u0131n bug\u00fcn saat 13.00 s\u0131ralar\u0131nda Turgutlu il\u00e7esi Cumhuriyet Mahallesi Ok\u00e7ular Sokakta bulunan bir apartman\u0131n 1. kat\u0131nda \u00e7\u0131kt\u0131. Haber verilmesi \u00fczerine olay yerine itfaiye, acil sa\u011fl\u0131k ve polis ekipleri sevk edildi. \u0130tfaiye ekiplerinin m\u00fcdahalesi sonucu&#8230;<\/p>\n","protected":false},"author":1,"featured_media":51305,"comment_status":"open","ping_status":"open","sticky":false,"template":"","format":"standard","meta":{"_crdt_document":"","footnotes":""},"categories":[5],"tags":[],"class_list":["post-51304","post","type-post","status-publish","format-standard","has-post-thumbnail","hentry","category-asayis"],"_links":{"self":[{"href":"https:\/\/www.egemtv.com\/index.php?rest_route=\/wp\/v2\/posts\/51304","targetHints":{"allow":["GET"]}}],"collection":[{"href":"https:\/\/www.egemtv.com\/index.php?rest_route=\/wp\/v2\/posts"}],"about":[{"href":"https:\/\/www.egemtv.com\/index.php?rest_route=\/wp\/v2\/types\/post"}],"author":[{"embeddable":true,"href":"https:\/\/www.egemtv.com\/index.php?rest_route=\/wp\/v2\/users\/1"}],"replies":[{"embeddable":true,"href":"https:\/\/www.egemtv.com\/index.php?rest_route=%2Fwp%2Fv2%2Fcomments&post=51304"}],"version-history":[{"count":1,"href":"https:\/\/www.egemtv.com\/index.php?rest_route=\/wp\/v2\/posts\/51304\/revisions"}],"predecessor-version":[{"id":51306,"href":"https:\/\/www.egemtv.com\/index.php?rest_route=\/wp\/v2\/posts\/51304\/revisions\/51306"}],"wp:featuredmedia":[{"embeddable":true,"href":"https:\/\/www.egemtv.com\/index.php?rest_route=\/wp\/v2\/media\/51305"}],"wp:attachment":[{"href":"https:\/\/www.egemtv.com\/index.php?rest_route=%2Fwp%2Fv2%2Fmedia&parent=51304"}],"wp:term":[{"taxonomy":"category","embeddable":true,"href":"https:\/\/www.egemtv.com\/index.php?rest_route=%2Fwp%2Fv2%2Fcategories&post=51304"},{"taxonomy":"post_tag","embeddable":true,"href":"https:\/\/www.egemtv.com\/index.php?rest_route=%2Fwp%2Fv2%2Ftags&post=51304"}],"curies":[{"name":"wp","href":"https:\/\/api.w.org\/{rel}","templated":true}]}}