{"id":51301,"date":"2025-08-26T13:54:58","date_gmt":"2025-08-26T10:54:58","guid":{"rendered":"https:\/\/www.egemtv.com\/?p=51301"},"modified":"2025-08-26T13:54:59","modified_gmt":"2025-08-26T10:54:59","slug":"baskan-cercioglu-ak-parti-onceki-donem-aydin-milletvekillerini-agirladi","status":"publish","type":"post","link":"https:\/\/www.egemtv.com\/?p=51301","title":{"rendered":"Ba\u015fkan \u00c7er\u00e7io\u011flu, AK Parti \u00f6nceki d\u00f6nem Ayd\u0131n Milletvekillerini a\u011f\u0131rlad\u0131"},"content":{"rendered":"<p>Ayd\u0131n B\u00fcy\u00fck\u015fehir Belediye Ba\u015fkan\u0131 \u00d6zlem \u00c7er\u00e7io\u011flu\u2019na; AK Parti Ayd\u0131n \u0130l Ba\u015fkan\u0131 Mehmet Erdem ve \u00f6nceki d\u00f6nem Ayd\u0131n Milletvekilleri Semiha \u00d6y\u00fc\u015f, Metin Yavuz, R\u0131za Posac\u0131, Ahmet R\u0131za Acar, Ahmet Ert\u00fcrk ve Ali G\u00fcltekin K\u0131l\u0131n\u00e7 nezaket ziyaretinde bulundu.<\/p>\n<p>Ziyarette \u0130l Ba\u015fkan\u0131 Erdem ve milletvekilleri, \u00c7er\u00e7io\u011flu\u2019nu Ayd\u0131n\u2019da ger\u00e7ekle\u015ftirdi\u011fi ba\u015far\u0131l\u0131 \u00e7al\u0131\u015fmalar\u0131ndan dolay\u0131 tebrik etti ve ba\u015far\u0131lar\u0131n\u0131n devam\u0131n\u0131 diledi. \u00c7er\u00e7io\u011flu ise Erdem\u2019e ve milletvekillerine nazik ziyaretleri i\u00e7in te\u015fekk\u00fcr etti.<br \/><\/p>\n","protected":false},"excerpt":{"rendered":"<p>Ayd\u0131n B\u00fcy\u00fck\u015fehir Belediye Ba\u015fkan\u0131 \u00d6zlem \u00c7er\u00e7io\u011flu\u2019na; AK Parti Ayd\u0131n \u0130l Ba\u015fkan\u0131 Mehmet Erdem ve \u00f6nceki d\u00f6nem Ayd\u0131n Milletvekilleri Semiha \u00d6y\u00fc\u015f, Metin Yavuz, R\u0131za Posac\u0131, Ahmet R\u0131za Acar, Ahmet Ert\u00fcrk ve Ali G\u00fcltekin K\u0131l\u0131n\u00e7 nezaket ziyaretinde bulundu. Ziyarette \u0130l Ba\u015fkan\u0131 Erdem ve milletvekilleri, \u00c7er\u00e7io\u011flu\u2019nu Ayd\u0131n\u2019da ger\u00e7ekle\u015ftirdi\u011fi ba\u015far\u0131l\u0131 \u00e7al\u0131\u015fmalar\u0131ndan dolay\u0131 tebrik etti ve ba\u015far\u0131lar\u0131n\u0131n devam\u0131n\u0131 diledi. \u00c7er\u00e7io\u011flu&#8230;<\/p>\n","protected":false},"author":1,"featured_media":51302,"comment_status":"open","ping_status":"open","sticky":false,"template":"","format":"standard","meta":{"_crdt_document":"","footnotes":""},"categories":[1],"tags":[],"class_list":["post-51301","post","type-post","status-publish","format-standard","has-post-thumbnail","hentry","category-guncel"],"_links":{"self":[{"href":"https:\/\/www.egemtv.com\/index.php?rest_route=\/wp\/v2\/posts\/51301","targetHints":{"allow":["GET"]}}],"collection":[{"href":"https:\/\/www.egemtv.com\/index.php?rest_route=\/wp\/v2\/posts"}],"about":[{"href":"https:\/\/www.egemtv.com\/index.php?rest_route=\/wp\/v2\/types\/post"}],"author":[{"embeddable":true,"href":"https:\/\/www.egemtv.com\/index.php?rest_route=\/wp\/v2\/users\/1"}],"replies":[{"embeddable":true,"href":"https:\/\/www.egemtv.com\/index.php?rest_route=%2Fwp%2Fv2%2Fcomments&post=51301"}],"version-history":[{"count":1,"href":"https:\/\/www.egemtv.com\/index.php?rest_route=\/wp\/v2\/posts\/51301\/revisions"}],"predecessor-version":[{"id":51303,"href":"https:\/\/www.egemtv.com\/index.php?rest_route=\/wp\/v2\/posts\/51301\/revisions\/51303"}],"wp:featuredmedia":[{"embeddable":true,"href":"https:\/\/www.egemtv.com\/index.php?rest_route=\/wp\/v2\/media\/51302"}],"wp:attachment":[{"href":"https:\/\/www.egemtv.com\/index.php?rest_route=%2Fwp%2Fv2%2Fmedia&parent=51301"}],"wp:term":[{"taxonomy":"category","embeddable":true,"href":"https:\/\/www.egemtv.com\/index.php?rest_route=%2Fwp%2Fv2%2Fcategories&post=51301"},{"taxonomy":"post_tag","embeddable":true,"href":"https:\/\/www.egemtv.com\/index.php?rest_route=%2Fwp%2Fv2%2Ftags&post=51301"}],"curies":[{"name":"wp","href":"https:\/\/api.w.org\/{rel}","templated":true}]}}