{"id":51298,"date":"2025-08-26T13:54:57","date_gmt":"2025-08-26T10:54:57","guid":{"rendered":"https:\/\/www.egemtv.com\/?p=51298"},"modified":"2025-08-26T13:54:58","modified_gmt":"2025-08-26T10:54:58","slug":"bahcesine-surekli-geyik-giren-vatandas-caresiz","status":"publish","type":"post","link":"https:\/\/www.egemtv.com\/?p=51298","title":{"rendered":"Bah\u00e7esine s\u00fcrekli geyik giren vatanda\u015f \u00e7aresiz"},"content":{"rendered":"<p>K\u00fctahya\u2019n\u0131n Tav\u015fanl\u0131 il\u00e7esine 7 kilometre uzakl\u0131ktaki Devekayas\u0131 k\u00f6y\u00fcnde bah\u00e7esi bulunan \u00e7ift\u00e7iler, \u00fcr\u00fcnlerini yiyen geyiklerden \u015fikayet\u00e7i.<br \/>\n<br \/>Geyiklerin \u00f6zellikle meyve a\u011fa\u00e7lar\u0131na, sebzelere ve hatta ac\u0131 biberlere bile zarar verdi\u011fini belirten \u00e7ift\u00e7iler, yetkililerden yard\u0131m bekliyor. B\u00f6lgede meyve a\u011fa\u00e7lar\u0131 ve sebze yeti\u015ftiren Adem \u00d6zt\u00fcrk, &#8220;Y\u0131llard\u0131r emek verdi\u011fim tarlamda fidanlar\u0131m zarar g\u00f6r\u00fcyordu. \u00d6nce ke\u00e7ilerin yapt\u0131\u011f\u0131n\u0131 d\u00fc\u015f\u00fcnd\u00fck. Ancak kurdu\u011fum fotokapan sayesinde, bah\u00e7eye zarar verenin bir geyik oldu\u011funu g\u00f6rd\u00fcm.&#8221; dedi.<br \/>\n<br \/>\u00d6zt\u00fcrk, yetkililere durumu bildirdi\u011fini ancak herhangi bir inceleme yap\u0131lmad\u0131\u011f\u0131n\u0131 ifade etti. &#8220;Yeti\u015ftirme \u00e7iftliklerinden ka\u00e7m\u0131\u015f olmal\u0131lar \u00e7\u00fcnk\u00fc insanlardan ka\u00e7m\u0131yorlar&#8221; diyen \u00d6zt\u00fcrk, yetkililerin b\u00f6yle bir durumun olmad\u0131\u011f\u0131n\u0131 s\u00f6yledi\u011fini belirtti. K\u00f6yl\u00fclerin de geyiklerin insanlardan ka\u00e7mad\u0131\u011f\u0131n\u0131 do\u011frulad\u0131\u011f\u0131n\u0131 ekledi.<br \/>\n<br \/>Ma\u011fduriyetinin sadece kendiyle s\u0131n\u0131rl\u0131 olmad\u0131\u011f\u0131n\u0131, kom\u015fu bah\u00e7elerde de ayn\u0131 durumun ya\u015fand\u0131\u011f\u0131n\u0131 s\u00f6yleyen \u00d6zt\u00fcrk, &#8220;Yirmi tane a\u011fac\u0131 zarar g\u00f6ren arkada\u015flar\u0131m var. Baz\u0131lar\u0131 \u00e7it \u00e7ekmemizi \u00f6neriyor, ama duydu\u011fumuza g\u00f6re geyikler 3 metre z\u0131playabiliyormu\u015f. Emekli bir insan\u0131m, 4 metre \u00e7it yapmaya g\u00fcc\u00fcm yetmez. Bunlar\u0131n bir \u015fekilde koruma alt\u0131na al\u0131nmas\u0131 laz\u0131m&#8221; dedi.<br \/>\n<br \/>Geyiklerin her \u015feyi yedi\u011fini belirten \u00d6zt\u00fcrk, &#8220;Kabak olsun, vi\u015fne, elma, kiraz. Ne varsa hepsine zarar veriyor. Biberin ac\u0131s\u0131n\u0131 dinlemiyor, k\u00f6kten yiyip temizliyor. \u00dc\u00e7 bin metrekare alandaki fidanlar\u0131m\u0131z gitti. Nasrettin Hoca\u2019n\u0131n fil hikayesi akl\u0131ma geliyor&#8221; diyerek ya\u015fad\u0131klar\u0131 \u00e7aresizli\u011fi dile getirdi.<br \/><\/p>\n","protected":false},"excerpt":{"rendered":"<p>K\u00fctahya\u2019n\u0131n Tav\u015fanl\u0131 il\u00e7esine 7 kilometre uzakl\u0131ktaki Devekayas\u0131 k\u00f6y\u00fcnde bah\u00e7esi bulunan \u00e7ift\u00e7iler, \u00fcr\u00fcnlerini yiyen geyiklerden \u015fikayet\u00e7i. Geyiklerin \u00f6zellikle meyve a\u011fa\u00e7lar\u0131na, sebzelere ve hatta ac\u0131 biberlere bile zarar verdi\u011fini belirten \u00e7ift\u00e7iler, yetkililerden yard\u0131m bekliyor. B\u00f6lgede meyve a\u011fa\u00e7lar\u0131 ve sebze yeti\u015ftiren Adem \u00d6zt\u00fcrk, &#8220;Y\u0131llard\u0131r emek verdi\u011fim tarlamda fidanlar\u0131m zarar g\u00f6r\u00fcyordu. \u00d6nce ke\u00e7ilerin yapt\u0131\u011f\u0131n\u0131 d\u00fc\u015f\u00fcnd\u00fck. Ancak kurdu\u011fum fotokapan sayesinde,&#8230;<\/p>\n","protected":false},"author":1,"featured_media":51299,"comment_status":"open","ping_status":"open","sticky":false,"template":"","format":"standard","meta":{"_crdt_document":"","footnotes":""},"categories":[1],"tags":[],"class_list":["post-51298","post","type-post","status-publish","format-standard","has-post-thumbnail","hentry","category-guncel"],"_links":{"self":[{"href":"https:\/\/www.egemtv.com\/index.php?rest_route=\/wp\/v2\/posts\/51298","targetHints":{"allow":["GET"]}}],"collection":[{"href":"https:\/\/www.egemtv.com\/index.php?rest_route=\/wp\/v2\/posts"}],"about":[{"href":"https:\/\/www.egemtv.com\/index.php?rest_route=\/wp\/v2\/types\/post"}],"author":[{"embeddable":true,"href":"https:\/\/www.egemtv.com\/index.php?rest_route=\/wp\/v2\/users\/1"}],"replies":[{"embeddable":true,"href":"https:\/\/www.egemtv.com\/index.php?rest_route=%2Fwp%2Fv2%2Fcomments&post=51298"}],"version-history":[{"count":1,"href":"https:\/\/www.egemtv.com\/index.php?rest_route=\/wp\/v2\/posts\/51298\/revisions"}],"predecessor-version":[{"id":51300,"href":"https:\/\/www.egemtv.com\/index.php?rest_route=\/wp\/v2\/posts\/51298\/revisions\/51300"}],"wp:featuredmedia":[{"embeddable":true,"href":"https:\/\/www.egemtv.com\/index.php?rest_route=\/wp\/v2\/media\/51299"}],"wp:attachment":[{"href":"https:\/\/www.egemtv.com\/index.php?rest_route=%2Fwp%2Fv2%2Fmedia&parent=51298"}],"wp:term":[{"taxonomy":"category","embeddable":true,"href":"https:\/\/www.egemtv.com\/index.php?rest_route=%2Fwp%2Fv2%2Fcategories&post=51298"},{"taxonomy":"post_tag","embeddable":true,"href":"https:\/\/www.egemtv.com\/index.php?rest_route=%2Fwp%2Fv2%2Ftags&post=51298"}],"curies":[{"name":"wp","href":"https:\/\/api.w.org\/{rel}","templated":true}]}}