{"id":51295,"date":"2025-08-26T13:36:13","date_gmt":"2025-08-26T10:36:13","guid":{"rendered":"https:\/\/www.egemtv.com\/?p=51295"},"modified":"2025-08-26T13:36:15","modified_gmt":"2025-08-26T10:36:15","slug":"izmirde-ormanlik-alanda-yangin-cikti-havadan-ve-karadan-mudahale-basladi","status":"publish","type":"post","link":"https:\/\/www.egemtv.com\/?p=51295","title":{"rendered":"\u0130zmir\u2019de ormanl\u0131k alanda yang\u0131n \u00e7\u0131kt\u0131: Havadan ve karadan m\u00fcdahale ba\u015flad\u0131"},"content":{"rendered":"<p>\u0130zmir\u2019in Seferihisar il\u00e7esinde ormanl\u0131k alanda \u00e7\u0131kan yang\u0131na, havadan ve karadan m\u00fcdahale ba\u015flad\u0131. Alevleri kontrol alt\u0131na alma \u00e7al\u0131\u015fmalar\u0131 s\u00fcr\u00fcyor.<br \/>\n<br \/>Yang\u0131n, saat 12.00 s\u0131ralar\u0131nda Seferihisar il\u00e7esi Beyler Mahallesi yak\u0131nlar\u0131nda bulunan ormanl\u0131k alanda \u00e7\u0131kt\u0131. Yang\u0131na \u0130zmir Orman B\u00f6lge M\u00fcd\u00fcrl\u00fc\u011f\u00fc ekipleri  5 u\u00e7ak, 11 helikopter ile havadan 21 araz\u00f6z 7 su ikmal ve 2 dozer ile karadan m\u00fcdahaleye ba\u015flarken, itfaiye ekipleri de s\u00f6nd\u00fcrme \u00e7al\u0131\u015fmalar\u0131na destek verdi.<br \/>\n<br \/>Alevleri kontrol alt\u0131na alma \u00e7al\u0131\u015fmalar\u0131 s\u00fcr\u00fcyor.<br \/><\/p>\n","protected":false},"excerpt":{"rendered":"<p>\u0130zmir\u2019in Seferihisar il\u00e7esinde ormanl\u0131k alanda \u00e7\u0131kan yang\u0131na, havadan ve karadan m\u00fcdahale ba\u015flad\u0131. Alevleri kontrol alt\u0131na alma \u00e7al\u0131\u015fmalar\u0131 s\u00fcr\u00fcyor. Yang\u0131n, saat 12.00 s\u0131ralar\u0131nda Seferihisar il\u00e7esi Beyler Mahallesi yak\u0131nlar\u0131nda bulunan ormanl\u0131k alanda \u00e7\u0131kt\u0131. Yang\u0131na \u0130zmir Orman B\u00f6lge M\u00fcd\u00fcrl\u00fc\u011f\u00fc ekipleri 5 u\u00e7ak, 11 helikopter ile havadan 21 araz\u00f6z 7 su ikmal ve 2 dozer ile karadan m\u00fcdahaleye ba\u015flarken,&#8230;<\/p>\n","protected":false},"author":1,"featured_media":51296,"comment_status":"open","ping_status":"open","sticky":false,"template":"","format":"standard","meta":{"_crdt_document":"","footnotes":""},"categories":[5],"tags":[],"class_list":["post-51295","post","type-post","status-publish","format-standard","has-post-thumbnail","hentry","category-asayis"],"_links":{"self":[{"href":"https:\/\/www.egemtv.com\/index.php?rest_route=\/wp\/v2\/posts\/51295","targetHints":{"allow":["GET"]}}],"collection":[{"href":"https:\/\/www.egemtv.com\/index.php?rest_route=\/wp\/v2\/posts"}],"about":[{"href":"https:\/\/www.egemtv.com\/index.php?rest_route=\/wp\/v2\/types\/post"}],"author":[{"embeddable":true,"href":"https:\/\/www.egemtv.com\/index.php?rest_route=\/wp\/v2\/users\/1"}],"replies":[{"embeddable":true,"href":"https:\/\/www.egemtv.com\/index.php?rest_route=%2Fwp%2Fv2%2Fcomments&post=51295"}],"version-history":[{"count":1,"href":"https:\/\/www.egemtv.com\/index.php?rest_route=\/wp\/v2\/posts\/51295\/revisions"}],"predecessor-version":[{"id":51297,"href":"https:\/\/www.egemtv.com\/index.php?rest_route=\/wp\/v2\/posts\/51295\/revisions\/51297"}],"wp:featuredmedia":[{"embeddable":true,"href":"https:\/\/www.egemtv.com\/index.php?rest_route=\/wp\/v2\/media\/51296"}],"wp:attachment":[{"href":"https:\/\/www.egemtv.com\/index.php?rest_route=%2Fwp%2Fv2%2Fmedia&parent=51295"}],"wp:term":[{"taxonomy":"category","embeddable":true,"href":"https:\/\/www.egemtv.com\/index.php?rest_route=%2Fwp%2Fv2%2Fcategories&post=51295"},{"taxonomy":"post_tag","embeddable":true,"href":"https:\/\/www.egemtv.com\/index.php?rest_route=%2Fwp%2Fv2%2Ftags&post=51295"}],"curies":[{"name":"wp","href":"https:\/\/api.w.org\/{rel}","templated":true}]}}