{"id":51292,"date":"2025-08-26T13:36:12","date_gmt":"2025-08-26T10:36:12","guid":{"rendered":"https:\/\/www.egemtv.com\/?p=51292"},"modified":"2025-08-26T13:36:13","modified_gmt":"2025-08-26T10:36:13","slug":"hem-mahallenin-muhtari-hem-bagin-sultani","status":"publish","type":"post","link":"https:\/\/www.egemtv.com\/?p=51292","title":{"rendered":"Hem mahallenin muhtar\u0131 hem ba\u011f\u0131n sultan\u0131"},"content":{"rendered":"<p>Manisa\u2019n\u0131n Sar\u0131g\u00f6l il\u00e7esinde Cumhuriyet Mahallesi Muhtar\u0131 Ay\u015fe Y\u0131lmaz G\u00f6nen, hem muhtarl\u0131k g\u00f6revini ba\u015far\u0131yla y\u00fcr\u00fct\u00fcyor hem de \u00fcz\u00fcm ba\u011f\u0131nda \u00fcretim yaparak \u00e7evresine \u00f6rnek oluyor.<br \/>\n<br \/>Sar\u0131g\u00f6l\u2019de 31 Mart yerel se\u00e7imlerinde Cumhuriyet Mahallesi\u2019nden muhtar se\u00e7ilen Ay\u015fe Y\u0131lmaz G\u00f6nen, bir yandan g\u00f6reve geldikten sonra verdi\u011fi vaatleri birer birer hayata ge\u00e7irmeye devam ederken di\u011fer yandan da ba\u011fc\u0131l\u0131kla ilgilenmeye devam ediyor. Muhtarl\u0131k ofisini a\u00e7arak mahalle halk\u0131n\u0131n i\u015flerini h\u0131zl\u0131ca \u00e7\u00f6zmeye ba\u015flad\u0131\u011f\u0131n\u0131 ifade eden G\u00f6nen, &#8220;Mahallem i\u00e7in taziye \u00e7ad\u0131r\u0131, sandalye, masa ve 250 ki\u015filik semaver temin ettim. Ayr\u0131ca muhtarl\u0131k ofisimin yan\u0131nda ihtiya\u00e7 sahipleri i\u00e7in giyim-ku\u015fam evi a\u00e7t\u0131m. Hizmetler s\u0131rayla devam edecek.&#8221; dedi.<br \/>\n<br \/>Muhtarl\u0131k g\u00f6revini yerine getirirken bir yandan da ba\u011fc\u0131l\u0131kla ilgilenen G\u00f6nen, 4 dekarl\u0131k Mevlana \u00fcz\u00fcm ba\u011f\u0131nda \u00fcretim yap\u0131yor. G\u00f6nen, &#8220;Alt\u0131n sar\u0131s\u0131, \u00e7ekirdekli Mevlana \u00fcz\u00fcm\u00fc yeti\u015ftiriyorum. 4 dekarl\u0131k ba\u011f\u0131mda yakla\u015f\u0131k 15-20 ton \u00fcz\u00fcm var. Halk aras\u0131nda \u2018parmak \u00fcz\u00fcm\u2019 olarak bilinir. Tatl\u0131 ve lezzetli olmas\u0131n\u0131n yan\u0131 s\u0131ra re\u00e7el yap\u0131m\u0131 i\u00e7in de idealdir. \u00dcz\u00fcmleri almak isteyen \u00e7ok ki\u015fi var, ancak uygun fiyat\u0131 verene sataca\u011f\u0131m.&#8221; diye konu\u015ftu.<br \/>\n<br \/>Hem muhtarl\u0131k hizmetleri hem de ba\u011fc\u0131l\u0131ktaki ba\u015far\u0131s\u0131yla dikkat \u00e7eken Ay\u015fe Y\u0131lmaz G\u00f6nen, \u00e7evresindekilere de \u00f6rnek oldu.<br \/><\/p>\n","protected":false},"excerpt":{"rendered":"<p>Manisa\u2019n\u0131n Sar\u0131g\u00f6l il\u00e7esinde Cumhuriyet Mahallesi Muhtar\u0131 Ay\u015fe Y\u0131lmaz G\u00f6nen, hem muhtarl\u0131k g\u00f6revini ba\u015far\u0131yla y\u00fcr\u00fct\u00fcyor hem de \u00fcz\u00fcm ba\u011f\u0131nda \u00fcretim yaparak \u00e7evresine \u00f6rnek oluyor. Sar\u0131g\u00f6l\u2019de 31 Mart yerel se\u00e7imlerinde Cumhuriyet Mahallesi\u2019nden muhtar se\u00e7ilen Ay\u015fe Y\u0131lmaz G\u00f6nen, bir yandan g\u00f6reve geldikten sonra verdi\u011fi vaatleri birer birer hayata ge\u00e7irmeye devam ederken di\u011fer yandan da ba\u011fc\u0131l\u0131kla ilgilenmeye devam ediyor&#8230;.<\/p>\n","protected":false},"author":1,"featured_media":51293,"comment_status":"open","ping_status":"open","sticky":false,"template":"","format":"standard","meta":{"_crdt_document":"","footnotes":""},"categories":[123],"tags":[],"class_list":["post-51292","post","type-post","status-publish","format-standard","has-post-thumbnail","hentry","category-gundem"],"_links":{"self":[{"href":"https:\/\/www.egemtv.com\/index.php?rest_route=\/wp\/v2\/posts\/51292","targetHints":{"allow":["GET"]}}],"collection":[{"href":"https:\/\/www.egemtv.com\/index.php?rest_route=\/wp\/v2\/posts"}],"about":[{"href":"https:\/\/www.egemtv.com\/index.php?rest_route=\/wp\/v2\/types\/post"}],"author":[{"embeddable":true,"href":"https:\/\/www.egemtv.com\/index.php?rest_route=\/wp\/v2\/users\/1"}],"replies":[{"embeddable":true,"href":"https:\/\/www.egemtv.com\/index.php?rest_route=%2Fwp%2Fv2%2Fcomments&post=51292"}],"version-history":[{"count":1,"href":"https:\/\/www.egemtv.com\/index.php?rest_route=\/wp\/v2\/posts\/51292\/revisions"}],"predecessor-version":[{"id":51294,"href":"https:\/\/www.egemtv.com\/index.php?rest_route=\/wp\/v2\/posts\/51292\/revisions\/51294"}],"wp:featuredmedia":[{"embeddable":true,"href":"https:\/\/www.egemtv.com\/index.php?rest_route=\/wp\/v2\/media\/51293"}],"wp:attachment":[{"href":"https:\/\/www.egemtv.com\/index.php?rest_route=%2Fwp%2Fv2%2Fmedia&parent=51292"}],"wp:term":[{"taxonomy":"category","embeddable":true,"href":"https:\/\/www.egemtv.com\/index.php?rest_route=%2Fwp%2Fv2%2Fcategories&post=51292"},{"taxonomy":"post_tag","embeddable":true,"href":"https:\/\/www.egemtv.com\/index.php?rest_route=%2Fwp%2Fv2%2Ftags&post=51292"}],"curies":[{"name":"wp","href":"https:\/\/api.w.org\/{rel}","templated":true}]}}