{"id":51289,"date":"2025-08-26T13:36:10","date_gmt":"2025-08-26T10:36:10","guid":{"rendered":"https:\/\/www.egemtv.com\/?p=51289"},"modified":"2025-08-26T13:36:12","modified_gmt":"2025-08-26T10:36:12","slug":"chpli-vekillerden-manisa-cikarmasi","status":"publish","type":"post","link":"https:\/\/www.egemtv.com\/?p=51289","title":{"rendered":"CHP\u2019li vekillerden Manisa \u00e7\u0131karmas\u0131"},"content":{"rendered":"<p>Cumhuriyet Halk Partisi (CHP) Manisa \u0130l Ba\u015fkanl\u0131\u011f\u0131 organizasyonunda kente gelen Denizli, Bal\u0131kesir, Ankara ve Adana milletvekilleri sivil toplum kurulu\u015fu, oda ve dernek ziyaretleri \u00f6ncesi bas\u0131n toplant\u0131s\u0131 d\u00fczenledi.<br \/>\n<br \/>CHP\u2019li Denizli Milletvekilleri G\u00fclizar Bi\u00e7er Karaca ve \u015eeref Arpac\u0131, Ankara Milletvekili Aylin Yaman, Bal\u0131kesir Milletvekili Serkan Sar\u0131, Adana Milletvekili Bilal Bilici; CHP Manisa \u0130l Ba\u015fkanl\u0131\u011f\u0131 organizasyonunda sivil toplum kurulu\u015flar\u0131, oda ve dernek temsilcileriyle bir araya gelerek fikir al\u0131\u015fveri\u015finde bulunmak \u00fczere Manisa\u2019ya geldi. Ziyaretler \u00f6ncesi bas\u0131n toplant\u0131s\u0131 d\u00fczenleyen heyet gelen sorular\u0131 yan\u0131tlad\u0131. Toplant\u0131n\u0131n a\u00e7\u0131l\u0131\u015f konu\u015fmas\u0131n\u0131 ger\u00e7ekle\u015ftiren CHP Manisa \u0130l Ba\u015fkan\u0131 \u0130lksen \u00d6zalper, &#8220;Bug\u00fcn farkl\u0131 bir \u00e7al\u0131\u015fma i\u00e7in buraday\u0131z b\u00fct\u00fcn milletvekillerimizle birlikte. Manisa\u2019y\u0131 kar\u0131\u015f kar\u0131\u015f dola\u015fmak i\u00e7in. \u00c7\u00fcnk\u00fc milletvekillerimiz bu yaz hi\u00e7 tatil yapmadan 81 ilde b\u00fct\u00fcn milletvekillerimiz kar\u0131\u015f kar\u0131\u015f b\u00fct\u00fcn T\u00fcrkiye\u2019yi dola\u015ft\u0131lar ve dola\u015fmaya Ya da devam ediyorlar. O y\u00fczden bu etkinlik \u00e7er\u00e7evesinde bug\u00fcn de milletvekillerimizle birlikteyiz&#8221; dedi.<br \/>\n<br \/>\u00dcz\u00fcmde beklenen fiyatlar\u0131n verilmedi\u011fine de\u011finen Ba\u015fkan \u00d6zalper, &#8220;D\u00fcnyan\u0131n en kaliteli \u00e7ekirdeksiz \u00fcz\u00fcm\u00fcn\u00fc \u00fcreten, d\u00fcnya piyasalar\u0131na en \u00e7ok \u00fcz\u00fcm veren Manisal\u0131 \u00fcz\u00fcm \u00fcreticilerimiz Cumhuriyet d\u00f6neminde ya\u015famad\u0131\u011f\u0131 ekonomik krizi bu sene ya\u015f\u0131yor. \u0130lkbahar\u2019da ya\u015fanan \u00e7ok b\u00fcy\u00fck hasar olu\u015fturan d\u00f6neminde iklim de\u011fi\u015fikli\u011fi sebebiyle bu Temmuz ay\u0131n\u0131n son 50 y\u0131l\u0131n en s\u0131cak g\u00fcnlerini yakt\u0131\u011f\u0131 \u00fcz\u00fcmler sebebiyle bu sene \u00fcz\u00fcm rekoltesi maksimum 125 bin ile 130 bin ton civar\u0131nda ancak olacakt\u0131r. Bug\u00fcnlerde ba\u015flayan \u00fcz\u00fcm hasatlar\u0131nda amele \u00fcz\u00fcm yoklu\u011fundan s\u0131ralar\u0131 ko\u015farak \u00e7\u0131kmakta. Pek \u00e7ok ba\u011fda \u00fcz\u00fcm miktar\u0131 dekarda 100 kilogram olmaktad\u0131r. Ya\u015fanan don olaylar\u0131ndan sonra gelen bakanlar ve milletvekillerimiz \u00e7ok \u015f\u00fck\u00fcr Manisa \u00fcz\u00fcmde afet b\u00f6lgesi ilan edildi demelerine kar\u015f\u0131n \u00fcz\u00fcm \u00fcreticisine bug\u00fcne kadar tek delikli kuru\u015f verilmemektedir. Bu \u00e7ok k\u00f6t\u00fc rekoltelere ra\u011fmen \u00fcz\u00fcm piyasas\u0131 ge\u00e7en seneki rakamlarda 110-120 TL civarlar\u0131nda gezmektedir. Bunun en \u00f6nemli nedeni h\u00fck\u00fcmetin Merkez Bankas\u0131 arac\u0131l\u0131\u011f\u0131yla uygulad\u0131\u011f\u0131 kurlardaki bask\u0131d\u0131r. \u00dcretilen \u00fcz\u00fcmlerin y\u00fczde 90\u2019\u0131 ihracata gitmekte. Kurun TL cinsi d\u00fc\u015f\u00fck olmas\u0131ndan dolay\u0131 da piyasalarda talebi daraltmaktad\u0131r. Hat\u0131rlarsan\u0131z 3 sene \u00f6nce \u00fcz\u00fcm 2 dolar olmal\u0131 diye meydanlarda ba\u011f\u0131r\u0131rken \u015fimdi 3 dolar olmas\u0131na ra\u011fmen \u00fcz\u00fcm ihracat\u0131 d\u00fc\u015fmekte. \u00dcreticilerimiz yerli girdi maliyetlerinin u\u00e7an y\u00fcksekli\u011fi sebebiyle harmanda ceplerine para girmemekte, \u00fcretici borcunu \u00f6deyememekte. Gelecek sene ba\u011f\u0131n\u0131 gidemez duruma gelmi\u015ftir&#8221; dedi.<br \/>\n<br \/>Ba\u015fkan \u00d6zalper\u2019in ard\u0131ndan konu\u015fan CHP Denizli Milletvekili G\u00fclizar Bi\u00e7er Karaca, &#8220;Bizler Genel Ba\u015fkan\u0131m\u0131z \u00d6zg\u00fcr \u00d6zel\u2019in ve Genel Merkezimizin g\u00f6revlendirmesiyle a\u011fustos ay\u0131 boyunca 81 ilde 137 milletvekili arkada\u015f\u0131m\u0131z, parti meclisi \u00fcyelerimiz, y\u00fcksek disiplin kurulu \u00fcyelerimizle Anadolu\u2019yu ve t\u00fcm illeri kar\u0131\u015f kar\u0131\u015f dola\u015farak halk\u0131 ve toplumun her kesimini dinliyoruz. \u0130\u015f d\u00fcnyas\u0131n\u0131, kad\u0131nlar\u0131, gen\u00e7leri, emeklileri, i\u015fsizleri, emek\u00e7ileri, beyaz yakal\u0131lar\u0131, \u00f6\u011fretmenleri, emeklileri, \u00f6\u011fretmenleri, i\u015f d\u00fcnyas\u0131 ba\u015fta olmak \u00fczere esnaflar\u0131m\u0131z\u0131n t\u00fcm kesimleri dinleyerek onlar\u0131n sorunlar\u0131n\u0131 tespit edip ayn\u0131 zamanda partimizin program\u0131n\u0131n yenileme \u00e7al\u0131\u015fmalar\u0131na halk\u0131m\u0131z\u0131n d\u00fc\u015f\u00fcncelerini yans\u0131tabilmek ve ayn\u0131 zamanda h\u00fck\u00fcmet program\u0131m\u0131z\u0131n olu\u015fumunda halk\u0131n taleplerini halk\u0131n h\u00fck\u00fcmet program\u0131ndaki beklentilerini yerinde tespit etmek asl\u0131nda bir nevi h\u00fck\u00fcmet program\u0131n\u0131 da, parti program\u0131n\u0131 da halk\u0131n talepleri, \u00f6nerileriyle hayata ge\u00e7irebilmek ad\u0131na 81 ili kar\u0131\u015f kar\u0131\u015f dola\u015f\u0131yoruz. Bug\u00fcn de Manisa\u2019n\u0131n il\u00e7elerinde kar\u0131\u015f kar\u0131\u015f yurtta\u015flar\u0131m\u0131z\u0131 ve yurtta\u015flar\u0131m\u0131z\u0131n i\u00e7inde ya\u015fad\u0131\u011f\u0131 hem demokrasi, hukuk, adalet krizini hem de ekonomik ve toplumsal sosyal krizlerin beklentileri, krizden \u00e7\u0131k\u0131\u015f beklentilerini ve taleplerini dinleyece\u011fiz&#8221; ifadelerini kulland\u0131.<br \/>\n<br \/>Programda konu\u015fan CHP Ankara Milletvekili Aylin Yaman, &#8220;Bu bizim program \u00e7al\u0131\u015fmam\u0131zda \u00e7ok \u00f6nemli bir geri bildirim olu\u015fturacak bizim i\u00e7in. Ve ayn\u0131 \u015fekilde bu ald\u0131\u011f\u0131m\u0131z geri bildirimleri genel merkezimize de raporlayarak program \u00e7al\u0131\u015fmalar\u0131na da katk\u0131 sunmaya \u00e7al\u0131\u015faca\u011f\u0131z. Zira zaman \u015fu anda bizim i\u00e7in en de\u011ferli konu. Hedefimiz \u00e7ok net, iktidar olmak istiyoruz ve Cumhurba\u015fkan\u0131 aday\u0131m\u0131z Ekrem \u0130mamo\u011flu\u2019nu cumhurba\u015fkan\u0131 olarak g\u00f6rmek istiyoruz ve iktidara gelerek \u015fu anda ya\u015fanan b\u00fcy\u00fck hukuksuzlu\u011fun, b\u00fcy\u00fck ekonomik problemlerin bir\u00e7ok e\u011fitimde, sa\u011fl\u0131kta, d\u0131\u015f politikada ya\u015fanan bir\u00e7ok sorunun \u00f6n\u00fcne ge\u00e7ip derhal \u00fclkenin hak etti\u011fi noktaya gelmesi i\u00e7in \u00e7abas\u0131 sarf etmek istiyoruz&#8221; dedi.<\/p>\n<p>&#8220;B\u00fct\u00fcn meyvelerin fiyatlar\u0131 artarken tek fiyat\u0131 artmayan meyve \u00fcz\u00fcm&#8221;<br \/>\n<br \/>Toplant\u0131da konu\u015fan CHP Manisa Milletvekili Vehbi Bak\u0131rl\u0131o\u011flu, bu y\u0131l TAR\u0130\u015e\u2019in 9 numara kuru \u00fcz\u00fcm i\u00e7in a\u00e7\u0131klad\u0131\u011f\u0131 120 TL avans fiyat\u0131na tepki g\u00f6sterdi. Bak\u0131rl\u0131o\u011flu, &#8220;Bu sene di\u011fer mahsullerde oldu\u011fu gibi \u00fcz\u00fcmde de \u00e7ok ciddi bir s\u0131k\u0131nt\u0131 var. Ciddi problem var. Ge\u00e7ti\u011fimiz g\u00fcnlerde TAR\u0130\u015e avans fiyatlar\u0131n\u0131 a\u00e7\u0131klad\u0131. 9 numara \u00fcz\u00fcme 120 lira dedi. Ge\u00e7en sene 7 numara \u00fcz\u00fcm 100 lirayd\u0131. Esas\u0131nda bir alg\u0131 operasyonu yap\u0131lmak isteniyor. Sanki y\u00fczde 20 artm\u0131\u015f gibi g\u00f6sterilmek isteniyor. Ge\u00e7en sene 7 numara \u00fcz\u00fcm 100 liraysa bu sene 9 numara \u00fcz\u00fcm\u00fcn 120 lira olmas\u0131 demek ayn\u0131 kap\u0131ya \u00e7\u0131kmas\u0131 demek fiyat artmam\u0131\u015f olmas\u0131 demek. Oysa devletin rakamlar\u0131, T\u00dc\u0130K rakamlar\u0131na g\u00f6re bakt\u0131\u011f\u0131m\u0131zda tar\u0131msal girdi fiyatlar\u0131 ortalama y\u00fczde 35 artm\u0131\u015f oldu\u011fu bir ortamda. Rekoltenin bu kadar d\u00fc\u015f\u00fck oldu\u011fu bir ortamda ki 120 bin tonlarda olacak b\u00fcy\u00fck ihtimalle rekolte. \u0130\u015fin enteresan taraf\u0131 nisan ay\u0131nda bilindi\u011fi gibi \u00e7ok ciddi bir don felaketiyle T\u00fcrkiye sabah\u0131 uyand\u0131. B\u00fct\u00fcn meyveler, T\u00fcrkiye\u2019deki b\u00fct\u00fcn meyveler bunlar hasar g\u00f6rd\u00fc. Ba\u015fta \u00fcz\u00fcm olmak \u00fczere. B\u00fct\u00fcn meyvelerin fiyatlar\u0131 artarken tek fiyat\u0131 artmayan meyve \u00fcz\u00fcm&#8221; dedi.<\/p>\n<p>AK Parti\u2019li Turgut\u2019un a\u00e7\u0131klamalar\u0131na CHP\u2019den yan\u0131t<br \/>\n<br \/>AK Parti Manisa \u0130l Ba\u015fkan\u0131 S\u00fcleyman Turgut\u2019un d\u00fcn ger\u00e7ekle\u015ftirdi\u011fi bas\u0131n toplant\u0131s\u0131nda, CHP\u2019li belediyelerin AK Parti\u2019li belediyelere g\u00f6re \u0130ller Bankas\u0131ndan daha az \u00f6denek ald\u0131\u011f\u0131 bu y\u00fczden hizmetlerde aksama oldu\u011fu y\u00f6n\u00fcnde alg\u0131 olu\u015fturdu\u011fu iddialar\u0131na CHP\u2019li heyetten yan\u0131t geldi. CHP\u2019li Manisa B\u00fcy\u00fck\u015fehir Belediye Ba\u015fkan\u0131 Besim Dutlulu, &#8220;Sadece AK Parti \u0130l Ba\u015fkanl\u0131\u011f\u0131 civar\u0131nda var herhalde o alg\u0131. \u00c7ok sahaya \u00e7\u0131kmad\u0131\u011f\u0131 i\u00e7in k\u00f6yleri falan dola\u015fmad\u0131\u011f\u0131 i\u00e7in \u015fu anda Manisa\u2019n\u0131n bir\u00e7ok k\u00f6y\u00fcnde, bir\u00e7ok soka\u011f\u0131nda, \u015eehzadeler belediyemizin s\u0131n\u0131rlar\u0131 i\u00e7inde \u015fu an asfalt \u00e7al\u0131\u015fmalar\u0131m\u0131z devam ediyor. CHP belediyeleri d\u00f6rt koldan \u015fu anda \u00e7al\u0131\u015f\u0131yor. T\u00fcm illerde b\u00f6yle ama neye ra\u011fmen \u00e7al\u0131\u015f\u0131yor? AK Parti\u2019nin bu bask\u0131lar\u0131na ve haks\u0131z hukuksuz uygulamalar\u0131na ra\u011fmen \u00e7al\u0131\u015f\u0131yor. Yani bu \u00d6zlem Han\u0131m\u2019\u0131n AK Parti\u2019ye ge\u00e7er ge\u00e7mez 850 milyon lira kredi almas\u0131 veya ne ald\u0131\u011f\u0131n\u0131 bilmiyoruz. Hibe mi ald\u0131, kredi mi ald\u0131? Onu bile bilmiyoruz. Bu zaten il ba\u015fkan\u0131na yeterli bir cevap. Evet \u00fczerimizde bask\u0131 var m\u0131? Var. \u00dczerimizde AK Partinin hem mali bask\u0131s\u0131 var, hem m\u00fcfetti\u015f bask\u0131s\u0131 var. \u015eu anda bir m\u00fcfetti\u015f bey geldi. Belediye de bizi bekliyor mesela. Ya devaml\u0131 da gelecek. Bunun da fark\u0131nday\u0131z. Ama CHP\u2019li beyler bunlara ra\u011fmen \u00e7ok g\u00fczel hizmet ediyor. \u00d6zellikle bu SGK bor\u00e7lar\u0131 konusunda. Yunusemre Belediyesi ki ben Akhisar Belediye Ba\u015fkan\u0131 iken 2019-2024 y\u0131llar\u0131 aras\u0131nda. AK Partili arkada\u015flar bana \u00f6rnek olarak Yunusemre Belediyesi\u2019ni g\u00f6steriyordu. 1.5 milyar borcu \u00e7\u0131kt\u0131. \u015eimdi Akhisar Belediyesi 100 y\u0131ll\u0131k belediye. Yunusemre Belediyesi; Salihli gibi, Saruhanl\u0131 gibi, Akhisar gibi b\u00f6yle 100 y\u0131ll\u0131k belediye de\u011fil. 10 y\u0131ll\u0131k 2014 y\u0131l\u0131nda kurulmu\u015f belediye. 2014 y\u0131l\u0131ndan itibaren 1.5 milyar bor\u00e7 yapm\u0131\u015flar ve bunun \u00f6nemli bir k\u0131sm\u0131 SGK borcu. SGK\u2019y\u0131 banka kredisi gibi kullanm\u0131\u015flar ve ondan sonra \u015fimdi Yunusemre Belediyesi\u2019ni ele\u015ftiriyorlar. \u0130\u015fte \u00e7ok borcu var, \u015f\u00f6yledir, borcu yapan sizsiniz. \u015eu anda Yunusemre Belediyesine \u0130ller Bankas\u0131\u2019ndan gelen para her ay kesiliyor. \u015eunu s\u00f6ylemek yanl\u0131\u015f olur: \u2019\u0130ller Bankas\u0131\u2019ndan AKP\u2019li belediyeye ba\u015fka para yolluyorlar, CHP\u2019li Belediye ba\u015fka para\u2019, b\u00f6yle bir \u015fey yok. Tabii ki onun belli bir standard\u0131 var. Ama bu kesintiler y\u00fcz\u00fcnden ve kalan bor\u00e7lar y\u00fcz\u00fcnden belediyeleri i\u015f yapamaz hale getirmeye \u00e7al\u0131\u015f\u0131yorlar&#8221; dedi.<br \/>\n<br \/>Ba\u015fkan Dutlulu ayr\u0131ca SGK\u2019n\u0131n AK Parti\u2019li belediyelerle daha kolay mansupla\u015ft\u0131\u011f\u0131n\u0131 ancak CHP\u2019li belediyelere daha zor \u015fartlar sundu\u011funu savundu.<br \/>\n<br \/>Soru cevap b\u00f6l\u00fcm\u00fcn\u00fcn ard\u0131ndan sona eren toplant\u0131 sonras\u0131 CHP\u2019li heyet ziyaretlerine ba\u015flad\u0131. \u0130ki g\u00fcn boyunca Manisa program\u0131n\u0131 s\u00fcrd\u00fcrecek olan heyet edinilen bilgileri raporlayarak CHP Genel Merkezine sunacak.<br \/><\/p>\n","protected":false},"excerpt":{"rendered":"<p>Cumhuriyet Halk Partisi (CHP) Manisa \u0130l Ba\u015fkanl\u0131\u011f\u0131 organizasyonunda kente gelen Denizli, Bal\u0131kesir, Ankara ve Adana milletvekilleri sivil toplum kurulu\u015fu, oda ve dernek ziyaretleri \u00f6ncesi bas\u0131n toplant\u0131s\u0131 d\u00fczenledi. CHP\u2019li Denizli Milletvekilleri G\u00fclizar Bi\u00e7er Karaca ve \u015eeref Arpac\u0131, Ankara Milletvekili Aylin Yaman, Bal\u0131kesir Milletvekili Serkan Sar\u0131, Adana Milletvekili Bilal Bilici; CHP Manisa \u0130l Ba\u015fkanl\u0131\u011f\u0131 organizasyonunda sivil toplum&#8230;<\/p>\n","protected":false},"author":1,"featured_media":51290,"comment_status":"open","ping_status":"open","sticky":false,"template":"","format":"standard","meta":{"_crdt_document":"","footnotes":""},"categories":[127],"tags":[],"class_list":["post-51289","post","type-post","status-publish","format-standard","has-post-thumbnail","hentry","category-siyaset"],"_links":{"self":[{"href":"https:\/\/www.egemtv.com\/index.php?rest_route=\/wp\/v2\/posts\/51289","targetHints":{"allow":["GET"]}}],"collection":[{"href":"https:\/\/www.egemtv.com\/index.php?rest_route=\/wp\/v2\/posts"}],"about":[{"href":"https:\/\/www.egemtv.com\/index.php?rest_route=\/wp\/v2\/types\/post"}],"author":[{"embeddable":true,"href":"https:\/\/www.egemtv.com\/index.php?rest_route=\/wp\/v2\/users\/1"}],"replies":[{"embeddable":true,"href":"https:\/\/www.egemtv.com\/index.php?rest_route=%2Fwp%2Fv2%2Fcomments&post=51289"}],"version-history":[{"count":1,"href":"https:\/\/www.egemtv.com\/index.php?rest_route=\/wp\/v2\/posts\/51289\/revisions"}],"predecessor-version":[{"id":51291,"href":"https:\/\/www.egemtv.com\/index.php?rest_route=\/wp\/v2\/posts\/51289\/revisions\/51291"}],"wp:featuredmedia":[{"embeddable":true,"href":"https:\/\/www.egemtv.com\/index.php?rest_route=\/wp\/v2\/media\/51290"}],"wp:attachment":[{"href":"https:\/\/www.egemtv.com\/index.php?rest_route=%2Fwp%2Fv2%2Fmedia&parent=51289"}],"wp:term":[{"taxonomy":"category","embeddable":true,"href":"https:\/\/www.egemtv.com\/index.php?rest_route=%2Fwp%2Fv2%2Fcategories&post=51289"},{"taxonomy":"post_tag","embeddable":true,"href":"https:\/\/www.egemtv.com\/index.php?rest_route=%2Fwp%2Fv2%2Ftags&post=51289"}],"curies":[{"name":"wp","href":"https:\/\/api.w.org\/{rel}","templated":true}]}}