{"id":51283,"date":"2025-08-26T13:36:07","date_gmt":"2025-08-26T10:36:07","guid":{"rendered":"https:\/\/www.egemtv.com\/?p=51283"},"modified":"2025-08-26T13:36:09","modified_gmt":"2025-08-26T10:36:09","slug":"msku-ogretim-uyesi-dr-ileminden-carpici-uyari-kurtlar-dusman-degil-dost","status":"publish","type":"post","link":"https:\/\/www.egemtv.com\/?p=51283","title":{"rendered":"MSK\u00dc \u00d6\u011fretim \u00dcyesi Dr. \u0130lemin\u2019den \u00e7arp\u0131c\u0131 uyar\u0131: &#8220;Kurtlar d\u00fc\u015fman de\u011fil, dost&#8221;"},"content":{"rendered":"<p>Mu\u011fla S\u0131tk\u0131 Ko\u00e7man \u00dcniversitesi (MSK\u00dc) \u00d6\u011fretim \u00dcyesi Dr. Yasin \u0130lemin, fotokapanlara yans\u0131yan kurt g\u00f6r\u00fcnt\u00fcleriyle ekosistemdeki dengenin \u00f6nemine dikkat \u00e7ekti. Sosyal medya \u00fczerinden yapt\u0131\u011f\u0131 payla\u015f\u0131mda, kurtlar\u0131n d\u00fc\u015fman de\u011fil, dost oldu\u011funu belirterek k\u0131rsal b\u00f6lgelerdeki \u00e7ift\u00e7ilere \u00f6nemli tavsiyelerde bulundu.<br \/>\n<br \/>MSK\u00dc \u00d6\u011fretim \u00dcyesi Dr. Yasin \u0130lemin payla\u015ft\u0131\u011f\u0131 g\u00f6r\u00fcnt\u00fclerde bir su kayna\u011f\u0131nda serinleyen kurtlar\u0131n nadir g\u00f6r\u00fcld\u00fc\u011f\u00fcn\u00fc ve bunun yaban domuzu pop\u00fclasyonunun art\u0131\u015f\u0131ndaki en \u00f6nemli nedenlerden biri oldu\u011funu vurgulad\u0131. Kurtlar\u0131n, yaban domuzlar\u0131n\u0131n en \u00f6nemli avc\u0131s\u0131 oldu\u011funu ve ekosistemi \u015fekillendiren canl\u0131lar oldu\u011funu ifade etti.<\/p>\n<p>Yaban domuzlar\u0131 neden art\u0131yor?<br \/>\n<br \/>Dr. \u0130lemin, Mu\u011fla genelinde yaban domuzlar\u0131n\u0131n say\u0131s\u0131n\u0131n artmas\u0131n\u0131n temel nedeninin ekosistemde kurtlar\u0131n azalm\u0131\u015f olmas\u0131 oldu\u011funu belirtti. Bu durumun do\u011fal dengeyi bozdu\u011funu ve kurtlar\u0131n do\u011fadaki rol\u00fcn\u00fcn ne kadar kritik oldu\u011funu bir kez daha g\u00f6sterdi\u011fini s\u00f6yledi.<\/p>\n<p>&#8220;\u00c7\u00f6z\u00fcm basit: K\u00f6pek besleyin&#8221;<br \/>\n<br \/>\u0130lemin, kurtlar\u0131n s\u00fcr\u00fcye yakla\u015fmas\u0131n\u0131 engellemek i\u00e7in \u00e7ift\u00e7ilere pratik bir \u00e7\u00f6z\u00fcm olarak k\u00f6pek beslemeyi \u00f6nerdi. Sad\u0131k bir dost olan k\u00f6peklerin, kurtlar\u0131 s\u00fcr\u00fclerden uzak tutaca\u011f\u0131n\u0131 ve kurtlar\u0131n as\u0131l besinleri olan yaban domuzlar\u0131n\u0131 avlamaya y\u00f6nelece\u011fini ifade etti. \u0130lemin, bu basit \u00f6nlemin hem \u00e7ift\u00e7ileri hem de do\u011fal ya\u015fam\u0131 korumak i\u00e7in etkili bir yol oldu\u011funu belirtti.<br \/><\/p>\n","protected":false},"excerpt":{"rendered":"<p>Mu\u011fla S\u0131tk\u0131 Ko\u00e7man \u00dcniversitesi (MSK\u00dc) \u00d6\u011fretim \u00dcyesi Dr. Yasin \u0130lemin, fotokapanlara yans\u0131yan kurt g\u00f6r\u00fcnt\u00fcleriyle ekosistemdeki dengenin \u00f6nemine dikkat \u00e7ekti. Sosyal medya \u00fczerinden yapt\u0131\u011f\u0131 payla\u015f\u0131mda, kurtlar\u0131n d\u00fc\u015fman de\u011fil, dost oldu\u011funu belirterek k\u0131rsal b\u00f6lgelerdeki \u00e7ift\u00e7ilere \u00f6nemli tavsiyelerde bulundu. MSK\u00dc \u00d6\u011fretim \u00dcyesi Dr. Yasin \u0130lemin payla\u015ft\u0131\u011f\u0131 g\u00f6r\u00fcnt\u00fclerde bir su kayna\u011f\u0131nda serinleyen kurtlar\u0131n nadir g\u00f6r\u00fcld\u00fc\u011f\u00fcn\u00fc ve bunun yaban domuzu&#8230;<\/p>\n","protected":false},"author":1,"featured_media":51284,"comment_status":"open","ping_status":"open","sticky":false,"template":"","format":"standard","meta":{"_crdt_document":"","footnotes":""},"categories":[1],"tags":[],"class_list":["post-51283","post","type-post","status-publish","format-standard","has-post-thumbnail","hentry","category-guncel"],"_links":{"self":[{"href":"https:\/\/www.egemtv.com\/index.php?rest_route=\/wp\/v2\/posts\/51283","targetHints":{"allow":["GET"]}}],"collection":[{"href":"https:\/\/www.egemtv.com\/index.php?rest_route=\/wp\/v2\/posts"}],"about":[{"href":"https:\/\/www.egemtv.com\/index.php?rest_route=\/wp\/v2\/types\/post"}],"author":[{"embeddable":true,"href":"https:\/\/www.egemtv.com\/index.php?rest_route=\/wp\/v2\/users\/1"}],"replies":[{"embeddable":true,"href":"https:\/\/www.egemtv.com\/index.php?rest_route=%2Fwp%2Fv2%2Fcomments&post=51283"}],"version-history":[{"count":1,"href":"https:\/\/www.egemtv.com\/index.php?rest_route=\/wp\/v2\/posts\/51283\/revisions"}],"predecessor-version":[{"id":51285,"href":"https:\/\/www.egemtv.com\/index.php?rest_route=\/wp\/v2\/posts\/51283\/revisions\/51285"}],"wp:featuredmedia":[{"embeddable":true,"href":"https:\/\/www.egemtv.com\/index.php?rest_route=\/wp\/v2\/media\/51284"}],"wp:attachment":[{"href":"https:\/\/www.egemtv.com\/index.php?rest_route=%2Fwp%2Fv2%2Fmedia&parent=51283"}],"wp:term":[{"taxonomy":"category","embeddable":true,"href":"https:\/\/www.egemtv.com\/index.php?rest_route=%2Fwp%2Fv2%2Fcategories&post=51283"},{"taxonomy":"post_tag","embeddable":true,"href":"https:\/\/www.egemtv.com\/index.php?rest_route=%2Fwp%2Fv2%2Ftags&post=51283"}],"curies":[{"name":"wp","href":"https:\/\/api.w.org\/{rel}","templated":true}]}}