{"id":51277,"date":"2025-08-26T12:35:46","date_gmt":"2025-08-26T09:35:46","guid":{"rendered":"https:\/\/www.egemtv.com\/?p=51277"},"modified":"2025-08-26T12:35:47","modified_gmt":"2025-08-26T09:35:47","slug":"sarigolde-ogretim-faaliyetleri-semineri-gerceklestirildi","status":"publish","type":"post","link":"https:\/\/www.egemtv.com\/?p=51277","title":{"rendered":"Sar\u0131g\u00f6l\u2019de \u00f6\u011fretim faaliyetleri semineri ger\u00e7ekle\u015ftirildi"},"content":{"rendered":"<p>Manisa\u2019n\u0131n Sar\u0131g\u00f6l il\u00e7esinde, \u00f6\u011fretmenlerin s\u0131n\u0131f i\u00e7i etkinlikleri ve \u00f6\u011fretim faaliyetlerinin izlenmesi, de\u011ferlendirilmesi ve geli\u015ftirilmesine y\u00f6nelik seminer d\u00fczenlendi.<br \/>\n<br \/>Sar\u0131g\u00f6l \u0130l\u00e7e Milli E\u011fitim M\u00fcd\u00fcrl\u00fc\u011f\u00fc taraf\u0131ndan Mesleki ve Teknik Anadolu Lisesi konferans salonunda, \u2019\u00d6\u011fretmenlerin S\u0131n\u0131f \u0130\u00e7i Etkinlikleri ve \u00d6\u011fretim Faaliyetlerinin \u0130zlenmesi, De\u011ferlendirilmesi ve Geli\u015ftirilmesine \u0130li\u015fkin Y\u00f6nerge Uygulama Esaslar\u0131\u2019 konulu seminer ger\u00e7ekle\u015ftirildi.<br \/>\n<br \/>\u0130l\u00e7e Milli E\u011fitim \u015eube M\u00fcd\u00fcr\u00fc Muhittin \u015een\u2019in ba\u015fkanl\u0131\u011f\u0131nda yap\u0131lan semineri E\u011fitim M\u00fcfetti\u015fi Huri Alt\u0131nda\u015f sundu. Seminere il\u00e7edeki t\u00fcm okul ve kurum m\u00fcd\u00fcrleri kat\u0131ld\u0131.<br \/><\/p>\n","protected":false},"excerpt":{"rendered":"<p>Manisa\u2019n\u0131n Sar\u0131g\u00f6l il\u00e7esinde, \u00f6\u011fretmenlerin s\u0131n\u0131f i\u00e7i etkinlikleri ve \u00f6\u011fretim faaliyetlerinin izlenmesi, de\u011ferlendirilmesi ve geli\u015ftirilmesine y\u00f6nelik seminer d\u00fczenlendi. Sar\u0131g\u00f6l \u0130l\u00e7e Milli E\u011fitim M\u00fcd\u00fcrl\u00fc\u011f\u00fc taraf\u0131ndan Mesleki ve Teknik Anadolu Lisesi konferans salonunda, \u2019\u00d6\u011fretmenlerin S\u0131n\u0131f \u0130\u00e7i Etkinlikleri ve \u00d6\u011fretim Faaliyetlerinin \u0130zlenmesi, De\u011ferlendirilmesi ve Geli\u015ftirilmesine \u0130li\u015fkin Y\u00f6nerge Uygulama Esaslar\u0131\u2019 konulu seminer ger\u00e7ekle\u015ftirildi. \u0130l\u00e7e Milli E\u011fitim \u015eube M\u00fcd\u00fcr\u00fc Muhittin \u015een\u2019in&#8230;<\/p>\n","protected":false},"author":1,"featured_media":51278,"comment_status":"open","ping_status":"open","sticky":false,"template":"","format":"standard","meta":{"_crdt_document":"","footnotes":""},"categories":[1],"tags":[],"class_list":["post-51277","post","type-post","status-publish","format-standard","has-post-thumbnail","hentry","category-guncel"],"_links":{"self":[{"href":"https:\/\/www.egemtv.com\/index.php?rest_route=\/wp\/v2\/posts\/51277","targetHints":{"allow":["GET"]}}],"collection":[{"href":"https:\/\/www.egemtv.com\/index.php?rest_route=\/wp\/v2\/posts"}],"about":[{"href":"https:\/\/www.egemtv.com\/index.php?rest_route=\/wp\/v2\/types\/post"}],"author":[{"embeddable":true,"href":"https:\/\/www.egemtv.com\/index.php?rest_route=\/wp\/v2\/users\/1"}],"replies":[{"embeddable":true,"href":"https:\/\/www.egemtv.com\/index.php?rest_route=%2Fwp%2Fv2%2Fcomments&post=51277"}],"version-history":[{"count":1,"href":"https:\/\/www.egemtv.com\/index.php?rest_route=\/wp\/v2\/posts\/51277\/revisions"}],"predecessor-version":[{"id":51279,"href":"https:\/\/www.egemtv.com\/index.php?rest_route=\/wp\/v2\/posts\/51277\/revisions\/51279"}],"wp:featuredmedia":[{"embeddable":true,"href":"https:\/\/www.egemtv.com\/index.php?rest_route=\/wp\/v2\/media\/51278"}],"wp:attachment":[{"href":"https:\/\/www.egemtv.com\/index.php?rest_route=%2Fwp%2Fv2%2Fmedia&parent=51277"}],"wp:term":[{"taxonomy":"category","embeddable":true,"href":"https:\/\/www.egemtv.com\/index.php?rest_route=%2Fwp%2Fv2%2Fcategories&post=51277"},{"taxonomy":"post_tag","embeddable":true,"href":"https:\/\/www.egemtv.com\/index.php?rest_route=%2Fwp%2Fv2%2Ftags&post=51277"}],"curies":[{"name":"wp","href":"https:\/\/api.w.org\/{rel}","templated":true}]}}