{"id":51274,"date":"2025-08-26T12:35:44","date_gmt":"2025-08-26T09:35:44","guid":{"rendered":"https:\/\/www.egemtv.com\/?p=51274"},"modified":"2025-08-26T12:35:46","modified_gmt":"2025-08-26T09:35:46","slug":"sultanhisarda-yol-genisletme-calismalari-suruyor","status":"publish","type":"post","link":"https:\/\/www.egemtv.com\/?p=51274","title":{"rendered":"Sultanhisar\u2019da yol geni\u015fletme \u00e7al\u0131\u015fmalar\u0131 s\u00fcr\u00fcyor"},"content":{"rendered":"<p>Ayd\u0131n\u2019\u0131n Sultanhisar il\u00e7esinde sahaya inen belediye ekipleri, Eskihisar Mahallesi\u2019nde yol geni\u015fletme \u00e7al\u0131\u015fmalar\u0131na ba\u015flad\u0131.<br \/>\n<br \/>\u0130l\u00e7e genelindeki alt ve \u00fcst yap\u0131 \u00e7al\u0131\u015fmalar\u0131n\u0131 s\u00fcrd\u00fcren Sultanhisar Belediyesi, vatanda\u015flardan gelen talepleri de yerine getirmeye devam ediyor. Bu kapsamda sahaya inen belediye ekipleri, Eskihisar Mahallesi\u2019nde yol geni\u015fletme \u00e7al\u0131\u015fmalar\u0131na ba\u015flad\u0131. Vatanda\u015flardan gelen talepleri dikkate alan Belediye Ba\u015fkan\u0131 Osman Y\u0131ld\u0131r\u0131mkaya, muhtemel kazalar\u0131n da \u00f6n\u00fcne ge\u00e7mek ve konforlu bir ula\u015f\u0131m\u0131n sa\u011flanmas\u0131 amac\u0131yla b\u00f6lgede \u00e7al\u0131\u015fmalar\u0131n s\u00fcrd\u00fc\u011f\u00fcn\u00fc duyurdu. Ba\u015fkan Y\u0131ld\u0131r\u0131mkaya yapt\u0131\u011f\u0131 payla\u015f\u0131m\u0131nda &#8220;\u0130l\u00e7emiz Eskihisar Mahallemizde yol geni\u015fletme \u00e7al\u0131\u015fmalar\u0131m\u0131za ba\u015flad\u0131k. Hem\u015fehrilerimizin daha g\u00fcvenli ve rahat bir ula\u015f\u0131m sa\u011flamas\u0131 i\u00e7in durmadan \u00e7al\u0131\u015fmaya devam ediyoruz&#8221; dedi.<br \/><\/p>\n","protected":false},"excerpt":{"rendered":"<p>Ayd\u0131n\u2019\u0131n Sultanhisar il\u00e7esinde sahaya inen belediye ekipleri, Eskihisar Mahallesi\u2019nde yol geni\u015fletme \u00e7al\u0131\u015fmalar\u0131na ba\u015flad\u0131. \u0130l\u00e7e genelindeki alt ve \u00fcst yap\u0131 \u00e7al\u0131\u015fmalar\u0131n\u0131 s\u00fcrd\u00fcren Sultanhisar Belediyesi, vatanda\u015flardan gelen talepleri de yerine getirmeye devam ediyor. Bu kapsamda sahaya inen belediye ekipleri, Eskihisar Mahallesi\u2019nde yol geni\u015fletme \u00e7al\u0131\u015fmalar\u0131na ba\u015flad\u0131. Vatanda\u015flardan gelen talepleri dikkate alan Belediye Ba\u015fkan\u0131 Osman Y\u0131ld\u0131r\u0131mkaya, muhtemel kazalar\u0131n da&#8230;<\/p>\n","protected":false},"author":1,"featured_media":51275,"comment_status":"open","ping_status":"open","sticky":false,"template":"","format":"standard","meta":{"_crdt_document":"","footnotes":""},"categories":[1],"tags":[],"class_list":["post-51274","post","type-post","status-publish","format-standard","has-post-thumbnail","hentry","category-guncel"],"_links":{"self":[{"href":"https:\/\/www.egemtv.com\/index.php?rest_route=\/wp\/v2\/posts\/51274","targetHints":{"allow":["GET"]}}],"collection":[{"href":"https:\/\/www.egemtv.com\/index.php?rest_route=\/wp\/v2\/posts"}],"about":[{"href":"https:\/\/www.egemtv.com\/index.php?rest_route=\/wp\/v2\/types\/post"}],"author":[{"embeddable":true,"href":"https:\/\/www.egemtv.com\/index.php?rest_route=\/wp\/v2\/users\/1"}],"replies":[{"embeddable":true,"href":"https:\/\/www.egemtv.com\/index.php?rest_route=%2Fwp%2Fv2%2Fcomments&post=51274"}],"version-history":[{"count":1,"href":"https:\/\/www.egemtv.com\/index.php?rest_route=\/wp\/v2\/posts\/51274\/revisions"}],"predecessor-version":[{"id":51276,"href":"https:\/\/www.egemtv.com\/index.php?rest_route=\/wp\/v2\/posts\/51274\/revisions\/51276"}],"wp:featuredmedia":[{"embeddable":true,"href":"https:\/\/www.egemtv.com\/index.php?rest_route=\/wp\/v2\/media\/51275"}],"wp:attachment":[{"href":"https:\/\/www.egemtv.com\/index.php?rest_route=%2Fwp%2Fv2%2Fmedia&parent=51274"}],"wp:term":[{"taxonomy":"category","embeddable":true,"href":"https:\/\/www.egemtv.com\/index.php?rest_route=%2Fwp%2Fv2%2Fcategories&post=51274"},{"taxonomy":"post_tag","embeddable":true,"href":"https:\/\/www.egemtv.com\/index.php?rest_route=%2Fwp%2Fv2%2Ftags&post=51274"}],"curies":[{"name":"wp","href":"https:\/\/api.w.org\/{rel}","templated":true}]}}