{"id":51268,"date":"2025-08-26T11:54:46","date_gmt":"2025-08-26T08:54:46","guid":{"rendered":"https:\/\/www.egemtv.com\/?p=51268"},"modified":"2025-08-26T11:54:47","modified_gmt":"2025-08-26T08:54:47","slug":"nazillinin-sicagindan-kacip-karadenizde-serinlediler","status":"publish","type":"post","link":"https:\/\/www.egemtv.com\/?p=51268","title":{"rendered":"Nazilli\u2019nin s\u0131ca\u011f\u0131ndan ka\u00e7\u0131p Karadeniz\u2019de serinlediler"},"content":{"rendered":"<p>Ayd\u0131n\u2019\u0131n Nazilli il\u00e7esinde mevsim normallerinin \u00fczerinde seyreden a\u015f\u0131r\u0131 s\u0131caklar nedeniyle Do\u011fu Karadeniz\u2019e d\u00fczenlenen turlara ilgi artt\u0131. Karadeniz\u2019in muhte\u015fem yaylalar\u0131na ak\u0131n eden Nazillililer ise &#8220;Karadeniz\u2019de serinledik, moral depolad\u0131k ve k\u00fclt\u00fcr al\u0131\u015fveri\u015finde bulunduk&#8221; dedi.<\/p>\n<p>T\u00fcrkiye\u2019nin en s\u0131cak yerleri aras\u0131nda ilk s\u0131ralarda yer alan Nazilli\u2019de ya\u015fayanlar, \u00f6zellikle de yaz tatilini f\u0131rsat bilerek sahil kesimleri ba\u015fta olmak \u00fczere yaylalara ak\u0131n etti. Serin ortam arayan il\u00e7e sakinleri, Do\u011fu Karadeniz ba\u015fta olmak \u00fczere serin havan\u0131n hakim oldu\u011fu b\u00f6lgelere d\u00fczenlenen turlara kat\u0131larak bir nebze olsun il\u00e7enin a\u015f\u0131r\u0131 s\u0131caklar\u0131ndan uzakla\u015fmay\u0131 tercih etti. \u0130l\u00e7eden Do\u011fu Karadeniz\u2019e d\u00fczenlenen ve 8-10 g\u00fcn aras\u0131ndaki konaklamal\u0131 turlara kat\u0131lanlar mutluluklar\u0131n\u0131 dile getirdi. &#8220;Karadeniz\u2019de serinledik, moral depolad\u0131k ve k\u00fclt\u00fcr al\u0131\u015fveri\u015finde bulunduk&#8221; diyen il\u00e7e sakinleri, bu t\u00fcr gezileri hem ekonomik hem de g\u00fczel bulduklar\u0131n\u0131 ifade etti.<\/p>\n<p>Muhte\u015fem g\u00fczelliklerin yer ald\u0131\u011f\u0131 rota 8 g\u00fcnde tamamland\u0131<br \/>\n<br \/>Samsun, \u00dcnye, Fatsa, Ordu, Giresun, Trabzon, Rize, Amasya ve G\u00fcrcistan-Batum\u2019u kapsayan 8 g\u00fcnl\u00fck geziye kat\u0131lan il\u00e7e sakinleri, Karadeniz\u2019in muhte\u015fem co\u011frafyas\u0131n\u0131 yak\u0131ndan g\u00f6rme, ye\u015filin her tonunun yer ald\u0131\u011f\u0131 serin serin yaylalar\u0131 ke\u015ffetme \u015fans\u0131 elde etti. Samsun\u2019da Amazon Park\u0131, Henry Kripel\u2019in Atat\u00fcrk Heykeli, \u0130lk Ad\u0131m An\u0131t\u0131 ve Band\u0131rma Vapurunu g\u00f6rd\u00fcler. Atat\u00fcrk\u2019\u00fcn Trabzon\u2019a geldi\u011finde konaklad\u0131\u011f\u0131 ve sonras\u0131nda m\u00fcze haline getirilerek e\u015fyalar\u0131n\u0131n sergilendi\u011fi Atat\u00fcrk K\u00f6\u015fk\u00fc\u2019n\u00fc gezildi. Sonras\u0131nda yemye\u015fil do\u011fan\u0131n i\u00e7inde bulunan bin 250 metre y\u00fckseklikte, Karada\u011f\u2019\u0131n eteklerine kayalara oyularak in\u015fa edilmi\u015f, g\u00f6renleri hayretler i\u00e7inde b\u0131rakan S\u00fcmela Manast\u0131r\u0131 gezildi. Ba\u011fba\u015f\u0131 Yaylas\u0131 sonras\u0131 \u00fcnl\u00fc F\u0131rt\u0131na Vadisi \u00fczerinden Ayder Yaylas\u0131, Gelin T\u00fcl\u00fc \u015eelalesi, Zil Kale, Palovit \u015eelalesi g\u00f6r\u00fcld\u00fc. G\u00fcrcistan Batum\u2019da ise Roma d\u00f6neminden kalma Goni Asparos Kalesi, Gonio K\u00f6pr\u00fcs\u00fc, \u00c7oruh Nehri, Batum Liman\u0131, Medea Meydan\u0131, Ali ve Nino Heykeli g\u00f6r\u00fcld\u00fckten sonra T\u00fcrkiye\u2019ye d\u00f6n\u00fcld\u00fc. Karadeniz\u2019in en g\u00fczel manzaras\u0131na sahip Uzun G\u00f6l ziyaret edildikten sonra Amasya\u2019da Hazeran Kona\u011f\u0131, \u015eehzade B\u00fcstleri, Dar\u00fcl \u015eifa, Beyaz\u0131d K\u00fclliyesi, Amasya M\u00fczesi, I. Mesut\u2019un t\u00fcrbesinde yer alan mumyalar gezilerek gezi sona erdi.<\/p>\n<p>Nazilli\u2019nin s\u0131ca\u011f\u0131ndan ka\u00e7t\u0131klar\u0131n\u0131 ifade eden tur kat\u0131l\u0131mc\u0131lar\u0131, Do\u011fu Karadeniz\u2019in mutlaka g\u00f6r\u00fclmesi, gezilmesi gerekti\u011fini ifade ederek, \u00f6zellikle de k\u00fclt\u00fcr al\u0131\u015fveri\u015fi a\u00e7\u0131s\u0131ndan \u00f6nemli bulduklar\u0131n\u0131 ifade ettiler. Zaman zaman Karadeniz\u2019in ezgileri ile Ege ezgilerini harmanlayan tatilciler m\u00fcmk\u00fcn oldu\u011funca farkl\u0131 k\u00fclt\u00fcrleri ve farkl\u0131 yerleri g\u00f6rebilmek amac\u0131yla bu t\u00fcr turlara kat\u0131lacaklar\u0131n\u0131 belirtiler.<br \/><\/p>\n","protected":false},"excerpt":{"rendered":"<p>Ayd\u0131n\u2019\u0131n Nazilli il\u00e7esinde mevsim normallerinin \u00fczerinde seyreden a\u015f\u0131r\u0131 s\u0131caklar nedeniyle Do\u011fu Karadeniz\u2019e d\u00fczenlenen turlara ilgi artt\u0131. Karadeniz\u2019in muhte\u015fem yaylalar\u0131na ak\u0131n eden Nazillililer ise &#8220;Karadeniz\u2019de serinledik, moral depolad\u0131k ve k\u00fclt\u00fcr al\u0131\u015fveri\u015finde bulunduk&#8221; dedi. T\u00fcrkiye\u2019nin en s\u0131cak yerleri aras\u0131nda ilk s\u0131ralarda yer alan Nazilli\u2019de ya\u015fayanlar, \u00f6zellikle de yaz tatilini f\u0131rsat bilerek sahil kesimleri ba\u015fta olmak \u00fczere yaylalara&#8230;<\/p>\n","protected":false},"author":1,"featured_media":51269,"comment_status":"open","ping_status":"open","sticky":false,"template":"","format":"standard","meta":{"_crdt_document":"","footnotes":""},"categories":[1],"tags":[],"class_list":["post-51268","post","type-post","status-publish","format-standard","has-post-thumbnail","hentry","category-guncel"],"_links":{"self":[{"href":"https:\/\/www.egemtv.com\/index.php?rest_route=\/wp\/v2\/posts\/51268","targetHints":{"allow":["GET"]}}],"collection":[{"href":"https:\/\/www.egemtv.com\/index.php?rest_route=\/wp\/v2\/posts"}],"about":[{"href":"https:\/\/www.egemtv.com\/index.php?rest_route=\/wp\/v2\/types\/post"}],"author":[{"embeddable":true,"href":"https:\/\/www.egemtv.com\/index.php?rest_route=\/wp\/v2\/users\/1"}],"replies":[{"embeddable":true,"href":"https:\/\/www.egemtv.com\/index.php?rest_route=%2Fwp%2Fv2%2Fcomments&post=51268"}],"version-history":[{"count":1,"href":"https:\/\/www.egemtv.com\/index.php?rest_route=\/wp\/v2\/posts\/51268\/revisions"}],"predecessor-version":[{"id":51270,"href":"https:\/\/www.egemtv.com\/index.php?rest_route=\/wp\/v2\/posts\/51268\/revisions\/51270"}],"wp:featuredmedia":[{"embeddable":true,"href":"https:\/\/www.egemtv.com\/index.php?rest_route=\/wp\/v2\/media\/51269"}],"wp:attachment":[{"href":"https:\/\/www.egemtv.com\/index.php?rest_route=%2Fwp%2Fv2%2Fmedia&parent=51268"}],"wp:term":[{"taxonomy":"category","embeddable":true,"href":"https:\/\/www.egemtv.com\/index.php?rest_route=%2Fwp%2Fv2%2Fcategories&post=51268"},{"taxonomy":"post_tag","embeddable":true,"href":"https:\/\/www.egemtv.com\/index.php?rest_route=%2Fwp%2Fv2%2Ftags&post=51268"}],"curies":[{"name":"wp","href":"https:\/\/api.w.org\/{rel}","templated":true}]}}