{"id":51265,"date":"2025-08-26T11:54:45","date_gmt":"2025-08-26T08:54:45","guid":{"rendered":"https:\/\/www.egemtv.com\/?p=51265"},"modified":"2025-08-26T11:54:46","modified_gmt":"2025-08-26T08:54:46","slug":"universiteli-kardesler-hem-aileleri-hem-de-kendileri-icin-uretiyor","status":"publish","type":"post","link":"https:\/\/www.egemtv.com\/?p=51265","title":{"rendered":"\u00dcniversiteli karde\u015fler hem aileleri hem de kendileri i\u00e7in \u00fcretiyor"},"content":{"rendered":"<p>Denizli\u2019nin Buldan il\u00e7esinde \u00fcniversite \u00f6\u011frencisi olan Ay\u015fe Nur ve Ahmet Ya\u015far Onat karde\u015fler, yaz aylar\u0131nda sebze \u00fcreticili\u011fi ve hayvanc\u0131l\u0131k yaparak hem aile ekonomisine katk\u0131da bulunuyor hem de okul har\u00e7l\u0131klar\u0131n\u0131 kendileri kazan\u0131yor.<\/p>\n<p>Denizli\u2019nin Buldan il\u00e7esi Kad\u0131k\u00f6y Mahallesi\u2019nde sebze \u00fcreticili\u011fi yapan Ay\u015fe Nur ve Ahmet Ya\u015far Onat karde\u015fler aile meslekleri olan sebze \u00fcreticili\u011fi ile birlikte \u00fcniversite e\u011fitimi g\u00f6r\u00fcyorlar. Okullar\u0131n\u0131 devam eden iki karde\u015f hem sebze \u00fcreticili\u011fi hem de hayvanc\u0131l\u0131k yaparak aile ekonomisi katk\u0131da bulunmalar\u0131n\u0131n yan\u0131 s\u0131ra okul har\u00e7l\u0131klar\u0131n\u0131 da kendileri kazanarak, ailelerinin \u00fczerinden b\u00fcy\u00fck bir ekonomik y\u00fck\u00fc al\u0131yor.<\/p>\n<p>&#8220;Hem har\u00e7l\u0131\u011f\u0131m\u0131 \u00e7\u0131kar\u0131yorum hem de aileme ekonomik destek veriyorum&#8221;<br \/>\n<br \/>Antalya\u2019da t\u0131p \u00f6\u011frencisi olan Ahmet Ya\u015far Onat, e\u011fitim hayat\u0131yla birlikte \u00e7ift\u00e7ili\u011fi de devam ettirmenin zor oldu\u011funu ama ailesine yard\u0131mc\u0131 oldu\u011funu belirterek, &#8220;Yaz aylar\u0131nda aileme yard\u0131mc\u0131 olmak i\u00e7in \u00fcreticilik yap\u0131yorum. Kendi tarlam\u0131zdan yeti\u015ftirdi\u011fimiz sebze ve meyveleri Buldan pazar\u0131nda sat\u0131yoruz. Hem har\u00e7l\u0131\u011f\u0131m\u0131 \u00e7\u0131kar\u0131yorum hem de aileme ekonomik destek veriyorum&#8221; dedi.<\/p>\n<p>&#8220;Ben ve karde\u015fim ailemize destek oluyoruz&#8221;<br \/>\n<br \/>Matematik \u00f6\u011fretmenli\u011fi b\u00f6l\u00fcm\u00fcnden bu y\u0131l mezun olan Ay\u015fe Nur Onat\u2019ta atama bekledi\u011fini dile getirerek &#8220;Bo\u015f durmamak i\u00e7in tarlada \u00fcretim yap\u0131yorum. \u00d6\u011frencilik hayat\u0131nda da \u00e7ift\u00e7ilik yap\u0131p har\u00e7l\u0131\u011f\u0131m\u0131 \u00e7\u0131kar\u0131yordum. Hem hayvanlar\u0131m\u0131z var hem de tarlam\u0131z var. Tarlam\u0131zda ac\u0131, tatl\u0131 biber, kapya biber, kavun, karpuz, patl\u0131can, kabak yeti\u015ftiriyoruz. \u00c7apalamas\u0131n\u0131 yap\u0131yoruz. Sulamas\u0131n\u0131 yap\u0131yoruz. \u0130la\u00e7lamas\u0131nda yard\u0131m ediyoruz. Otlar\u0131n\u0131 yoluyoruz. Bu \u015fekilde aileme \u00fcretimde yard\u0131m ediyorum. Aileme elimden geldi\u011fince yard\u0131m ediyorum. Onlarda tarlada \u00e7ok yoruluyorlar. Ben ve karde\u015fim ailemize destek oluyoruz. \u00dcretti\u011fimiz sebze ve meyveleri \u00e7ar\u015famba ve per\u015fembe g\u00fcnleri karde\u015fimle birlikte Buldan\u2019da sat\u0131yoruz&#8221; diye konu\u015ftu.<br \/><\/p>\n","protected":false},"excerpt":{"rendered":"<p>Denizli\u2019nin Buldan il\u00e7esinde \u00fcniversite \u00f6\u011frencisi olan Ay\u015fe Nur ve Ahmet Ya\u015far Onat karde\u015fler, yaz aylar\u0131nda sebze \u00fcreticili\u011fi ve hayvanc\u0131l\u0131k yaparak hem aile ekonomisine katk\u0131da bulunuyor hem de okul har\u00e7l\u0131klar\u0131n\u0131 kendileri kazan\u0131yor. Denizli\u2019nin Buldan il\u00e7esi Kad\u0131k\u00f6y Mahallesi\u2019nde sebze \u00fcreticili\u011fi yapan Ay\u015fe Nur ve Ahmet Ya\u015far Onat karde\u015fler aile meslekleri olan sebze \u00fcreticili\u011fi ile birlikte \u00fcniversite e\u011fitimi&#8230;<\/p>\n","protected":false},"author":1,"featured_media":51266,"comment_status":"open","ping_status":"open","sticky":false,"template":"","format":"standard","meta":{"_crdt_document":"","footnotes":""},"categories":[125],"tags":[],"class_list":["post-51265","post","type-post","status-publish","format-standard","has-post-thumbnail","hentry","category-ekonomi"],"_links":{"self":[{"href":"https:\/\/www.egemtv.com\/index.php?rest_route=\/wp\/v2\/posts\/51265","targetHints":{"allow":["GET"]}}],"collection":[{"href":"https:\/\/www.egemtv.com\/index.php?rest_route=\/wp\/v2\/posts"}],"about":[{"href":"https:\/\/www.egemtv.com\/index.php?rest_route=\/wp\/v2\/types\/post"}],"author":[{"embeddable":true,"href":"https:\/\/www.egemtv.com\/index.php?rest_route=\/wp\/v2\/users\/1"}],"replies":[{"embeddable":true,"href":"https:\/\/www.egemtv.com\/index.php?rest_route=%2Fwp%2Fv2%2Fcomments&post=51265"}],"version-history":[{"count":1,"href":"https:\/\/www.egemtv.com\/index.php?rest_route=\/wp\/v2\/posts\/51265\/revisions"}],"predecessor-version":[{"id":51267,"href":"https:\/\/www.egemtv.com\/index.php?rest_route=\/wp\/v2\/posts\/51265\/revisions\/51267"}],"wp:featuredmedia":[{"embeddable":true,"href":"https:\/\/www.egemtv.com\/index.php?rest_route=\/wp\/v2\/media\/51266"}],"wp:attachment":[{"href":"https:\/\/www.egemtv.com\/index.php?rest_route=%2Fwp%2Fv2%2Fmedia&parent=51265"}],"wp:term":[{"taxonomy":"category","embeddable":true,"href":"https:\/\/www.egemtv.com\/index.php?rest_route=%2Fwp%2Fv2%2Fcategories&post=51265"},{"taxonomy":"post_tag","embeddable":true,"href":"https:\/\/www.egemtv.com\/index.php?rest_route=%2Fwp%2Fv2%2Ftags&post=51265"}],"curies":[{"name":"wp","href":"https:\/\/api.w.org\/{rel}","templated":true}]}}