{"id":51262,"date":"2025-08-26T11:34:45","date_gmt":"2025-08-26T08:34:45","guid":{"rendered":"https:\/\/www.egemtv.com\/?p=51262"},"modified":"2025-08-26T11:34:46","modified_gmt":"2025-08-26T08:34:46","slug":"110-yildir-sehit-aileleri-ve-gazilerin-yaninda","status":"publish","type":"post","link":"https:\/\/www.egemtv.com\/?p=51262","title":{"rendered":"110 y\u0131ld\u0131r \u015fehit aileleri ve gazilerin yan\u0131nda"},"content":{"rendered":"<p>T\u00fcrkiye Harp Malul\u00fc Gaziler, \u015eehit Dul ve Yetimleri Derne\u011fi\u2019nin kurulu\u015f tarihi olan 26 A\u011fustos 1915, \u2019\u015eeref G\u00fcn\u00fc\u2019 olarak kutland\u0131. Derne\u011fin kurulu\u015f y\u0131l d\u00f6n\u00fcm\u00fc dolay\u0131s\u0131yla a\u00e7\u0131klama yapan T\u00fcrkiye Harp Malul\u00fc Gaziler, \u015eehit Dul ve Yetimleri Derne\u011fi Manisa \u015eube Ba\u015fkan\u0131 Gazi Yusuf K\u0131y\u0131\u015fkan, 26 A\u011fustos\u2019un yaln\u0131zca bir kurulu\u015f tarihi de\u011fil, ayn\u0131 zamanda \u015fehitlerin unutulmad\u0131\u011f\u0131n\u0131n ve gazilerin onurlu m\u00fccadelesinin g\u00f6lgede kalmayaca\u011f\u0131n\u0131n simgesi oldu\u011funun alt\u0131n\u0131 \u00e7izdi.<br \/>\n<br \/>\u00c7anakkale Sava\u015flar\u0131\u2019n\u0131n en zorlu g\u00fcnlerinde, \u015fehit aileleri ile gazilerin haklar\u0131n\u0131 korumak amac\u0131yla temelleri at\u0131lan dernek, bug\u00fcn 65 \u015fube, 70 temsilcilik ve 30 bini a\u015fk\u0131n \u00fcyesiyle faaliyetlerini s\u00fcrd\u00fcr\u00fcyor.<br \/>\n<br \/>Derne\u011fin kurulu\u015f y\u0131l d\u00f6n\u00fcm\u00fc dolay\u0131s\u0131yla a\u00e7\u0131klama yapan T\u00fcrkiye Harp Malul\u00fc Gaziler, \u015eehit Dul ve Yetimleri Derne\u011fi Manisa \u015eube Ba\u015fkan\u0131 Gazi Yusuf K\u0131y\u0131\u015fkan, 26 A\u011fustos\u2019un yaln\u0131zca bir kurulu\u015f tarihi de\u011fil, ayn\u0131 zamanda \u015fehitlerin unutulmad\u0131\u011f\u0131n\u0131n ve gazilerin onurlu m\u00fccadelesinin g\u00f6lgede kalmayaca\u011f\u0131n\u0131n simgesi oldu\u011funu s\u00f6yledi.<br \/>\n<br \/>K\u0131y\u0131\u015fkan a\u00e7\u0131klamas\u0131nda, &#8220;110 y\u0131ll\u0131k k\u00f6kl\u00fc tarihimizle aziz \u015fehitlerimizin hat\u0131ras\u0131n\u0131 ya\u015fatmay\u0131, kahraman gazilerimizin gururlu m\u00fccadelesine sahip \u00e7\u0131kmay\u0131, \u015fehit aileleri ve gazilerimizi milletimizin en k\u0131ymetli emaneti bilerek onlar\u0131n yan\u0131nda dimdik durmay\u0131 ilke edindik&#8221; dedi.<br \/>\n<br \/>Cumhuriyetin kurucusu Gazi Mustafa Kemal Atat\u00fcrk ba\u015fta olmak \u00fczere t\u00fcm silah arkada\u015flar\u0131n\u0131 rahmetle and\u0131klar\u0131n\u0131 ifade eden K\u0131y\u0131\u015fkan, kahraman gazilere de \u015f\u00fckranlar\u0131n\u0131 sundu.<br \/>\n<br \/>Derne\u011fe; \u015fehitlerin anne ve babalar\u0131, e\u015fleri, \u00e7ocuklar\u0131 ile gaziler ve e\u015fleri \u00fcye olabiliyor.<br \/><\/p>\n","protected":false},"excerpt":{"rendered":"<p>T\u00fcrkiye Harp Malul\u00fc Gaziler, \u015eehit Dul ve Yetimleri Derne\u011fi\u2019nin kurulu\u015f tarihi olan 26 A\u011fustos 1915, \u2019\u015eeref G\u00fcn\u00fc\u2019 olarak kutland\u0131. Derne\u011fin kurulu\u015f y\u0131l d\u00f6n\u00fcm\u00fc dolay\u0131s\u0131yla a\u00e7\u0131klama yapan T\u00fcrkiye Harp Malul\u00fc Gaziler, \u015eehit Dul ve Yetimleri Derne\u011fi Manisa \u015eube Ba\u015fkan\u0131 Gazi Yusuf K\u0131y\u0131\u015fkan, 26 A\u011fustos\u2019un yaln\u0131zca bir kurulu\u015f tarihi de\u011fil, ayn\u0131 zamanda \u015fehitlerin unutulmad\u0131\u011f\u0131n\u0131n ve gazilerin onurlu&#8230;<\/p>\n","protected":false},"author":1,"featured_media":51263,"comment_status":"open","ping_status":"open","sticky":false,"template":"","format":"standard","meta":{"_crdt_document":"","footnotes":""},"categories":[123],"tags":[],"class_list":["post-51262","post","type-post","status-publish","format-standard","has-post-thumbnail","hentry","category-gundem"],"_links":{"self":[{"href":"https:\/\/www.egemtv.com\/index.php?rest_route=\/wp\/v2\/posts\/51262","targetHints":{"allow":["GET"]}}],"collection":[{"href":"https:\/\/www.egemtv.com\/index.php?rest_route=\/wp\/v2\/posts"}],"about":[{"href":"https:\/\/www.egemtv.com\/index.php?rest_route=\/wp\/v2\/types\/post"}],"author":[{"embeddable":true,"href":"https:\/\/www.egemtv.com\/index.php?rest_route=\/wp\/v2\/users\/1"}],"replies":[{"embeddable":true,"href":"https:\/\/www.egemtv.com\/index.php?rest_route=%2Fwp%2Fv2%2Fcomments&post=51262"}],"version-history":[{"count":1,"href":"https:\/\/www.egemtv.com\/index.php?rest_route=\/wp\/v2\/posts\/51262\/revisions"}],"predecessor-version":[{"id":51264,"href":"https:\/\/www.egemtv.com\/index.php?rest_route=\/wp\/v2\/posts\/51262\/revisions\/51264"}],"wp:featuredmedia":[{"embeddable":true,"href":"https:\/\/www.egemtv.com\/index.php?rest_route=\/wp\/v2\/media\/51263"}],"wp:attachment":[{"href":"https:\/\/www.egemtv.com\/index.php?rest_route=%2Fwp%2Fv2%2Fmedia&parent=51262"}],"wp:term":[{"taxonomy":"category","embeddable":true,"href":"https:\/\/www.egemtv.com\/index.php?rest_route=%2Fwp%2Fv2%2Fcategories&post=51262"},{"taxonomy":"post_tag","embeddable":true,"href":"https:\/\/www.egemtv.com\/index.php?rest_route=%2Fwp%2Fv2%2Ftags&post=51262"}],"curies":[{"name":"wp","href":"https:\/\/api.w.org\/{rel}","templated":true}]}}