{"id":51259,"date":"2025-08-26T11:34:44","date_gmt":"2025-08-26T08:34:44","guid":{"rendered":"https:\/\/www.egemtv.com\/?p=51259"},"modified":"2025-08-26T11:34:45","modified_gmt":"2025-08-26T08:34:45","slug":"usak-universitesi-2025-yksde-yuzde-98i-asti","status":"publish","type":"post","link":"https:\/\/www.egemtv.com\/?p=51259","title":{"rendered":"U\u015fak \u00dcniversitesi 2025 YKS\u2019de y\u00fczde 98\u2019i a\u015ft\u0131"},"content":{"rendered":"<p>Kalitesi, Y\u00fcksek\u00f6\u011fretim Kalite Kurulu (Y\u00d6KAK) taraf\u0131ndan 5 y\u0131ll\u0131k tam akreditasyonla tescillenen U\u015fak \u00dcniversitesi, 2025 YKS yerle\u015ftirme sonu\u00e7lar\u0131na g\u00f6re genel dolulukta y\u00fczde 98\u2019in \u00fczerinde oran yakalayarak b\u00fcy\u00fck bir ba\u015far\u0131ya imza att\u0131.<br \/>\n<br \/>Rekt\u00f6r Prof. Dr. Ekrem Sava\u015f, bu sonucun U\u015fak \u00dcniversitesi\u2019nin e\u011fitimde ula\u015ft\u0131\u011f\u0131 kalite standartlar\u0131n\u0131n en somut g\u00f6stergesi oldu\u011funu belirterek, &#8220;Bu y\u0131l elde etti\u011fimiz y\u00fczde 98\u2019in \u00fczerindeki doluluk oran\u0131, \u00fcniversitemizin g\u00fcc\u00fcn\u00fc ve tercih edilirli\u011fini a\u00e7\u0131k\u00e7a ortaya koymaktad\u0131r&#8221; dedi.<\/p>\n<p>\u00dcniversitede T\u0131p Fak\u00fcltesi ba\u015fta olmak \u00fczere Di\u015f Hekimli\u011fi Fak\u00fcltesi, G\u00fczel Sanatlar Fak\u00fcltesi, Mimarl\u0131k ve Tasar\u0131m Fak\u00fcltesi, Sa\u011fl\u0131k Bilimleri Fak\u00fcltesi y\u00fczde 100 doluluk oran\u0131yla yerle\u015filen fak\u00fclteler oldu. Rekt\u00f6r Sava\u015f ayr\u0131ca Sa\u011fl\u0131k Hizmetleri Meslek Y\u00fcksekokulu, Ulubey Meslek Y\u00fcksekokulu ve Uzaktan E\u011fitim Meslek Y\u00fcksekokulu\u2019nun da y\u00fczde 100 doluluk oran\u0131 ile \u00f6n s\u0131ralarda yer ald\u0131\u011f\u0131n\u0131 vurgulad\u0131.<\/p>\n<p>Doluluk oranlar\u0131 rekor seviyede<br \/>\n<br \/>YKS yerle\u015ftirme sonu\u00e7lar\u0131nda doluluk oranlar\u0131n\u0131n rekor seviyeye ula\u015ft\u0131\u011f\u0131n\u0131 belirten Prof. Dr. Sava\u015f, &#8220;Bu y\u0131l 2025-2026 d\u00f6neminde fak\u00fcltelerimizin doluluk oran\u0131 y\u00fczde 97\u2019yi ge\u00e7ti. \u00d6n lisans programlar\u0131m\u0131zda ise y\u00fczde 99\u2019a y\u00fckselen bir oran s\u00f6z konusu. Genel doluluk oran\u0131m\u0131z ise 2018-2019\u2019da y\u00fczde 81 iken bug\u00fcn y\u00fczde 98\u2019in \u00fczerine \u00e7\u0131kt\u0131. Bu y\u0131l \u00fcniversitemize 4 bin 279 \u00f6\u011frencimiz yerle\u015fti. Bu rakamlar, U\u015fak \u00dcniversitesi\u2019nin y\u00fckselen ivmesinin ve \u00f6\u011frenciler nezdindeki g\u00fcveninin g\u00f6stergesidir&#8221; diye konu\u015ftu.<\/p>\n<p>&#8220;U\u015fak \u00dcniversitesi ailesine ho\u015f geldiniz&#8221;<br \/>\n<br \/>Yeni d\u00f6neme ili\u015fkin mesaj\u0131nda Prof. Dr. Ekrem Sava\u015f, &#8220;\u00dcniversitemize yerle\u015ferek hayat\u0131n\u0131za y\u00f6n verecek \u00f6nemli bir ad\u0131m att\u0131n\u0131z. Burada bilgiyle bulu\u015facak, deneyimlerle g\u00fc\u00e7lenecek ve hayallerinize bir ad\u0131m daha yakla\u015facaks\u0131n\u0131z. Biz de t\u00fcm imk\u00e2nlar\u0131m\u0131zla yan\u0131n\u0131zda olaca\u011f\u0131z. U\u015fak \u00dcniversitesi ailesine ho\u015f geldiniz&#8221; ifadelerini kulland\u0131.<\/p>\n<p>&#8220;Kalite tescilli, \u00f6\u011frenci odakl\u0131, b\u00f6lgesel kalk\u0131nman\u0131n lideri&#8221;<br \/>\n<br \/>K\u0131sa s\u00fcre \u00f6nce Y\u00d6KAK\u2019tan &#8220;5 Y\u0131ll\u0131k Kurumsal Akreditasyon&#8221; almaya hak kazanan U\u015fak \u00dcniversitesi\u2019nin se\u00e7kin \u00fcniversiteler aras\u0131nda yerini ald\u0131\u011f\u0131n\u0131 vurgulayan Prof. Dr. Sava\u015f, &#8220;Bug\u00fcn 15 program\u0131m\u0131z akredite durumda. 30\u2019dan fazla program\u0131m\u0131z da bu s\u00fcrece haz\u0131rlan\u0131yor. \u00d6\u011frenci odakl\u0131 yakla\u015f\u0131m\u0131m\u0131z, nitelikli akademik kadromuz ve b\u00f6lgesel kalk\u0131nmaya sundu\u011fumuz katk\u0131larla gelece\u011fe emin ad\u0131mlarla ilerliyoruz&#8221; diye konu\u015ftu.<\/p>\n<p>Kay\u0131tlar Eyl\u00fcl\u2019de ba\u015flayacak<br \/>\n<br \/>2025 YKS yerle\u015ftirme sonu\u00e7lar\u0131na g\u00f6re kay\u0131t hakk\u0131 kazanan \u00f6\u011frenciler, elektronik kay\u0131tlar\u0131n\u0131 1-3 Eyl\u00fcl 2025 tarihleri aras\u0131nda e-Devlet kap\u0131s\u0131 (www.turkiye.gov.tr) \u00fczerinden yapabilecek. \u00d6zel \u015fartl\u0131 programlara yerle\u015fen \u00f6\u011frenciler ise 1-5 Eyl\u00fcl 2025 tarihleri aras\u0131nda \u00fcniversiteye \u015fahsen ba\u015fvurarak kay\u0131tlar\u0131n\u0131 ger\u00e7ekle\u015ftirebilecek.<br \/><\/p>\n","protected":false},"excerpt":{"rendered":"<p>Kalitesi, Y\u00fcksek\u00f6\u011fretim Kalite Kurulu (Y\u00d6KAK) taraf\u0131ndan 5 y\u0131ll\u0131k tam akreditasyonla tescillenen U\u015fak \u00dcniversitesi, 2025 YKS yerle\u015ftirme sonu\u00e7lar\u0131na g\u00f6re genel dolulukta y\u00fczde 98\u2019in \u00fczerinde oran yakalayarak b\u00fcy\u00fck bir ba\u015far\u0131ya imza att\u0131. Rekt\u00f6r Prof. Dr. Ekrem Sava\u015f, bu sonucun U\u015fak \u00dcniversitesi\u2019nin e\u011fitimde ula\u015ft\u0131\u011f\u0131 kalite standartlar\u0131n\u0131n en somut g\u00f6stergesi oldu\u011funu belirterek, &#8220;Bu y\u0131l elde etti\u011fimiz y\u00fczde 98\u2019in \u00fczerindeki&#8230;<\/p>\n","protected":false},"author":1,"featured_media":51260,"comment_status":"open","ping_status":"open","sticky":false,"template":"","format":"standard","meta":{"_crdt_document":"","footnotes":""},"categories":[1],"tags":[],"class_list":["post-51259","post","type-post","status-publish","format-standard","has-post-thumbnail","hentry","category-guncel"],"_links":{"self":[{"href":"https:\/\/www.egemtv.com\/index.php?rest_route=\/wp\/v2\/posts\/51259","targetHints":{"allow":["GET"]}}],"collection":[{"href":"https:\/\/www.egemtv.com\/index.php?rest_route=\/wp\/v2\/posts"}],"about":[{"href":"https:\/\/www.egemtv.com\/index.php?rest_route=\/wp\/v2\/types\/post"}],"author":[{"embeddable":true,"href":"https:\/\/www.egemtv.com\/index.php?rest_route=\/wp\/v2\/users\/1"}],"replies":[{"embeddable":true,"href":"https:\/\/www.egemtv.com\/index.php?rest_route=%2Fwp%2Fv2%2Fcomments&post=51259"}],"version-history":[{"count":1,"href":"https:\/\/www.egemtv.com\/index.php?rest_route=\/wp\/v2\/posts\/51259\/revisions"}],"predecessor-version":[{"id":51261,"href":"https:\/\/www.egemtv.com\/index.php?rest_route=\/wp\/v2\/posts\/51259\/revisions\/51261"}],"wp:featuredmedia":[{"embeddable":true,"href":"https:\/\/www.egemtv.com\/index.php?rest_route=\/wp\/v2\/media\/51260"}],"wp:attachment":[{"href":"https:\/\/www.egemtv.com\/index.php?rest_route=%2Fwp%2Fv2%2Fmedia&parent=51259"}],"wp:term":[{"taxonomy":"category","embeddable":true,"href":"https:\/\/www.egemtv.com\/index.php?rest_route=%2Fwp%2Fv2%2Fcategories&post=51259"},{"taxonomy":"post_tag","embeddable":true,"href":"https:\/\/www.egemtv.com\/index.php?rest_route=%2Fwp%2Fv2%2Ftags&post=51259"}],"curies":[{"name":"wp","href":"https:\/\/api.w.org\/{rel}","templated":true}]}}