{"id":51256,"date":"2025-08-26T11:34:43","date_gmt":"2025-08-26T08:34:43","guid":{"rendered":"https:\/\/www.egemtv.com\/?p=51256"},"modified":"2025-08-26T11:34:44","modified_gmt":"2025-08-26T08:34:44","slug":"baskan-kumral-malazgirt-ve-buyuk-taarruz-zaferlerini-kutladi","status":"publish","type":"post","link":"https:\/\/www.egemtv.com\/?p=51256","title":{"rendered":"Ba\u015fkan Kumral, Malazgirt ve B\u00fcy\u00fck Taarruz zaferlerini kutlad\u0131"},"content":{"rendered":"<p>DEN\u0130ZL\u0130 (\u0130HA) \u2013 Babada\u011f Belediye Ba\u015fkan\u0131 Murat Kumral, 26 A\u011fustos 1071 Malazgirt  ve 1922 B\u00fcy\u00fck Taarruz zaferlerinin y\u0131ld\u00f6n\u00fcmlerini yay\u0131mlad\u0131\u011f\u0131 mesaj ile kutlad\u0131.<\/p>\n<p>Babada\u011f Belediye Ba\u015fkan\u0131 Murat Kumral, 1071 Malazgirt zaferi ile Anadolu\u2019nun kap\u0131lar\u0131n\u0131n T\u00fcrklere a\u00e7\u0131l\u0131\u015f\u0131 ve 1922 B\u00fcy\u00fck Taarruz ile s\u00f6m\u00fcrgeli\u011fin son bulup ba\u011f\u0131ms\u0131zl\u0131\u011f\u0131n temelinin at\u0131l\u0131\u015f\u0131n\u0131 yay\u0131mlad\u0131\u011f\u0131 mesajla kutlad\u0131. Ba\u015fkan Kumral, mesaj\u0131nda, &#8220;26 A\u011fustos, milletimizin tarihindeki en \u00f6nemli d\u00f6n\u00fcm noktalar\u0131ndan biridir. 1071\u2019de Malazgirt Zaferi ile Anadolu\u2019nun kap\u0131lar\u0131 bizlere a\u00e7\u0131lm\u0131\u015f, 1922\u2019de B\u00fcy\u00fck Taarruz ile ba\u011f\u0131ms\u0131zl\u0131\u011f\u0131m\u0131z\u0131n temelleri at\u0131lm\u0131\u015ft\u0131r. \u0130ki b\u00fcy\u00fck zaferin y\u0131l d\u00f6n\u00fcm\u00fcnde Malazgirt Zaferi ile Anadolu\u2019nun kap\u0131lar\u0131n\u0131 a\u00e7an Sultan Alparslan\u2019\u0131, B\u00fcy\u00fck Taarruz ile zaferi bizlere arma\u011fan eden Gazi Mustafa Kemal Atat\u00fcrk\u2019\u00fc ve vatan\u0131 u\u011fruna m\u00fccadele eden t\u00fcm \u015fehit ve gazilerimizi rahmet, minnet ve sayg\u0131yla an\u0131yoruz&#8221; ifadelerini kulland\u0131.<br \/><\/p>\n","protected":false},"excerpt":{"rendered":"<p>DEN\u0130ZL\u0130 (\u0130HA) \u2013 Babada\u011f Belediye Ba\u015fkan\u0131 Murat Kumral, 26 A\u011fustos 1071 Malazgirt ve 1922 B\u00fcy\u00fck Taarruz zaferlerinin y\u0131ld\u00f6n\u00fcmlerini yay\u0131mlad\u0131\u011f\u0131 mesaj ile kutlad\u0131. Babada\u011f Belediye Ba\u015fkan\u0131 Murat Kumral, 1071 Malazgirt zaferi ile Anadolu\u2019nun kap\u0131lar\u0131n\u0131n T\u00fcrklere a\u00e7\u0131l\u0131\u015f\u0131 ve 1922 B\u00fcy\u00fck Taarruz ile s\u00f6m\u00fcrgeli\u011fin son bulup ba\u011f\u0131ms\u0131zl\u0131\u011f\u0131n temelinin at\u0131l\u0131\u015f\u0131n\u0131 yay\u0131mlad\u0131\u011f\u0131 mesajla kutlad\u0131. Ba\u015fkan Kumral, mesaj\u0131nda, &#8220;26 A\u011fustos, milletimizin&#8230;<\/p>\n","protected":false},"author":1,"featured_media":51257,"comment_status":"open","ping_status":"open","sticky":false,"template":"","format":"standard","meta":{"_crdt_document":"","footnotes":""},"categories":[127],"tags":[],"class_list":["post-51256","post","type-post","status-publish","format-standard","has-post-thumbnail","hentry","category-siyaset"],"_links":{"self":[{"href":"https:\/\/www.egemtv.com\/index.php?rest_route=\/wp\/v2\/posts\/51256","targetHints":{"allow":["GET"]}}],"collection":[{"href":"https:\/\/www.egemtv.com\/index.php?rest_route=\/wp\/v2\/posts"}],"about":[{"href":"https:\/\/www.egemtv.com\/index.php?rest_route=\/wp\/v2\/types\/post"}],"author":[{"embeddable":true,"href":"https:\/\/www.egemtv.com\/index.php?rest_route=\/wp\/v2\/users\/1"}],"replies":[{"embeddable":true,"href":"https:\/\/www.egemtv.com\/index.php?rest_route=%2Fwp%2Fv2%2Fcomments&post=51256"}],"version-history":[{"count":1,"href":"https:\/\/www.egemtv.com\/index.php?rest_route=\/wp\/v2\/posts\/51256\/revisions"}],"predecessor-version":[{"id":51258,"href":"https:\/\/www.egemtv.com\/index.php?rest_route=\/wp\/v2\/posts\/51256\/revisions\/51258"}],"wp:featuredmedia":[{"embeddable":true,"href":"https:\/\/www.egemtv.com\/index.php?rest_route=\/wp\/v2\/media\/51257"}],"wp:attachment":[{"href":"https:\/\/www.egemtv.com\/index.php?rest_route=%2Fwp%2Fv2%2Fmedia&parent=51256"}],"wp:term":[{"taxonomy":"category","embeddable":true,"href":"https:\/\/www.egemtv.com\/index.php?rest_route=%2Fwp%2Fv2%2Fcategories&post=51256"},{"taxonomy":"post_tag","embeddable":true,"href":"https:\/\/www.egemtv.com\/index.php?rest_route=%2Fwp%2Fv2%2Ftags&post=51256"}],"curies":[{"name":"wp","href":"https:\/\/api.w.org\/{rel}","templated":true}]}}