{"id":51253,"date":"2025-08-26T11:15:27","date_gmt":"2025-08-26T08:15:27","guid":{"rendered":"https:\/\/www.egemtv.com\/?p=51253"},"modified":"2025-08-26T11:15:28","modified_gmt":"2025-08-26T08:15:28","slug":"zirveye-izmir-ekonomi-imzasi","status":"publish","type":"post","link":"https:\/\/www.egemtv.com\/?p=51253","title":{"rendered":"Zirveye \u2018\u0130zmir Ekonomi\u2019 imzas\u0131"},"content":{"rendered":"<p>Ege B\u00f6lgesi\u2019nin ilk vak\u0131f \u00fcniversitesi olarak e\u011fitim yolcu\u011funu 24 y\u0131ld\u0131r s\u00fcrd\u00fcren \u0130zmir Ekonomi \u00dcniversitesi (\u0130E\u00dc), y\u00fczde 98.6\u2019l\u0131k genel doluluk oran\u0131na ula\u015farak T\u00fcrkiye\u2019nin en \u00e7ok tercih edilen vak\u0131f \u00fcniversiteleri aras\u0131na ad\u0131n\u0131 yazd\u0131rd\u0131. 2025 Y\u00fcksek\u00f6\u011fretim Kurumlar\u0131 S\u0131nav\u0131 (YKS) sonu\u00e7lar\u0131na g\u00f6re \u00f6n lisansta y\u00fczde 100\u2019l\u00fck, lisansta ise y\u00fczde 98.06\u2019l\u0131k doluluk yakalayan \u0130E\u00dc, Ege\u2019deki vak\u0131f \u00fcniversiteleri i\u00e7inde ise zirvede yer ald\u0131.<br \/>\n<br \/>\u0130E\u00dc M\u00fctevelli Heyet Ba\u015fkan\u0131 Mahmut \u00d6zgener, T\u00fcrkiye\u2019deki vak\u0131f \u00fcniversitelerinin genel doluluk ortalamas\u0131n\u0131n y\u00fczde 76.55 oldu\u011funa dikkat \u00e7ekerek, &#8220;Genel ortalaman\u0131n 22 puan \u00fczerinde yer alarak \u00f6nemli bir ba\u015far\u0131ya ula\u015ft\u0131k. Ailelerimizin ve gen\u00e7lerimizin bize olan g\u00fcvenini bo\u015fa \u00e7\u0131karmayaca\u011f\u0131z. Hep birlikte yeni ba\u015far\u0131 hikayeleri yazaca\u011f\u0131z&#8221; diye konu\u015ftu.<br \/>\n<br \/>2025 y\u0131l\u0131 Y\u00fcksek\u00f6\u011fretim Kurumlar\u0131 S\u0131nav\u0131 tercih sonu\u00e7lar\u0131n\u0131n a\u00e7\u0131klanmas\u0131yla birlikte milyonlarca gen\u00e7 i\u00e7in heyecanl\u0131 bekleyi\u015f sona erdi. \u0130zmir Ekonomi \u00dcniversitesi, tercih d\u00f6nemindeki ba\u015far\u0131s\u0131n\u0131 bu sene de s\u00fcrd\u00fcrerek gen\u00e7lerin en \u00e7ok ilgi g\u00f6sterdi\u011fi \u00fcniversitelerden biri oldu. Teknolojik altyap\u0131s\u0131, yurt d\u0131\u015f\u0131 deneyimine sahip g\u00fc\u00e7l\u00fc akademisyen kadrosu, uluslararas\u0131 ba\u011flant\u0131lar\u0131 ve yenilik\u00e7i vizyonuyla \u00f6n plana \u00e7\u0131kan \u0130E\u00dc, gen\u00e7lerin beklentilerine cevap vererek fark\u0131n\u0131 ortaya koydu.<\/p>\n<p>&#8220;Vizyonumuzun bir sonucu&#8221;<br \/>\n<br \/>\u0130E\u00dc M\u00fctevelli Heyet Ba\u015fkan\u0131 Mahmut \u00d6zgener, tercih oranlar\u0131 a\u00e7\u0131s\u0131ndan son y\u0131llardaki ba\u015far\u0131y\u0131 tekrarlad\u0131klar\u0131n\u0131 ifade ederek, &#8220;Bu ba\u015far\u0131 yaln\u0131zca rakamlardan ibaret de\u011fil; \u00fcniversitemizin y\u0131llard\u0131r istikrarl\u0131 \u015fekilde s\u00fcrd\u00fcrd\u00fc\u011f\u00fc vizyonunun bir sonucudur. \u00d6\u011frencilerimize nitelikli e\u011fitim, g\u00fc\u00e7l\u00fc akademik kadro, modern kamp\u00fcs imk\u00e2nlar\u0131 ve uluslararas\u0131 standartlarda bir \u00f6\u011frenim ortam\u0131 sunmak i\u00e7in \u00e7al\u0131\u015f\u0131yoruz. G\u00fczelbah\u00e7e\u2019de in\u015fa edece\u011fimiz yeni kamp\u00fcs\u00fcn yap\u0131m\u0131na h\u0131zla devam ediyoruz. 2026 y\u0131l\u0131n\u0131n temmuz ay\u0131nda kamp\u00fcs\u00fcm\u00fcz\u00fcn ilk etab\u0131n\u0131 tamamlayaca\u011f\u0131z. Hep s\u00f6yl\u00fcyorum, bizim gelece\u011fe b\u0131rakaca\u011f\u0131m\u0131z en de\u011ferli miras\u0131m\u0131z gen\u00e7lerimizdir. Y\u00fczde 98.6\u2019l\u0131k doluluk oran\u0131 da bizlere duyulan g\u00fcvenin bir g\u00f6stergesi. Sadece Ege\u2019de de\u011fil, T\u00fcrkiye genelinde \u00f6n plana \u00e7\u0131kan, ilgiyle takip edilen bir \u00fcniversite konumunday\u0131z. Bu y\u0131l, toplamda 2 bin 398 gencimiz, \u0130zmir Ekonomi \u00dcniversitesi Ailesi\u2019ne kat\u0131lmay\u0131 tercih etti. Gen\u00e7lerimize \u2018ho\u015f geldiniz\u2019 diyor, ba\u015far\u0131lar\u0131n\u0131n devam\u0131n\u0131 diliyorum&#8221; dedi.<\/p>\n<p>&#8220;G\u00fcveni s\u00fcrd\u00fcr\u00fclebilir k\u0131laca\u011f\u0131z&#8221;<br \/>\n<br \/>\u0130E\u00dc Rekt\u00f6r\u00fc Prof. Dr. Yusuf Hakan Abac\u0131o\u011flu ise, bu sonu\u00e7lar\u0131n do\u011fru e\u011fitim modeli ve \u00f6\u011frenci merkezli bir yakla\u015f\u0131m benimsediklerinin kan\u0131t\u0131 oldu\u011funu s\u00f6yleyerek, &#8220;Bizim i\u00e7in en \u00f6nemli noktalardan biri de g\u00fcveni s\u00fcrd\u00fcr\u00fclebilir k\u0131lmak. Ailelerimizin ve \u00f6\u011frencilerimizin beklentilerini kar\u015f\u0131lamak, onlar\u0131n hayallerine ula\u015fmalar\u0131 i\u00e7in yanlar\u0131nda olmak temel \u00f6nceli\u011fimiz. Biliyoruz ki, bu y\u0131l kap\u0131m\u0131zdan i\u00e7eri giren gen\u00e7ler; yar\u0131n\u0131n liderleri, giri\u015fimcileri, sanat\u00e7\u0131lar\u0131, bilim insanlar\u0131 olacak. Biz, gen\u00e7lerimizle birlikte y\u00fcr\u00fcmekten, yeni ba\u015far\u0131 hikayeleri yazmaktan b\u00fcy\u00fck mutluluk duyuyoruz. \u00c7\u00fcnk\u00fc \u0130zmir Ekonomi, sadece bir \u00fcniversite de\u011fil, hayallerin ger\u00e7e\u011fe d\u00f6n\u00fc\u015ft\u00fc\u011f\u00fc bir yolculu\u011fun da ad\u0131d\u0131r. Zirve yolcu\u011fumuz kararl\u0131l\u0131kla, emin ad\u0131mlarla b\u00fcy\u00fcyerek s\u00fcr\u00fcyor. Aram\u0131za yeni kat\u0131lan gen\u00e7lerimizle art\u0131k daha da g\u00fc\u00e7l\u00fcy\u00fcz&#8221; diye konu\u015ftu.<br \/><\/p>\n","protected":false},"excerpt":{"rendered":"<p>Ege B\u00f6lgesi\u2019nin ilk vak\u0131f \u00fcniversitesi olarak e\u011fitim yolcu\u011funu 24 y\u0131ld\u0131r s\u00fcrd\u00fcren \u0130zmir Ekonomi \u00dcniversitesi (\u0130E\u00dc), y\u00fczde 98.6\u2019l\u0131k genel doluluk oran\u0131na ula\u015farak T\u00fcrkiye\u2019nin en \u00e7ok tercih edilen vak\u0131f \u00fcniversiteleri aras\u0131na ad\u0131n\u0131 yazd\u0131rd\u0131. 2025 Y\u00fcksek\u00f6\u011fretim Kurumlar\u0131 S\u0131nav\u0131 (YKS) sonu\u00e7lar\u0131na g\u00f6re \u00f6n lisansta y\u00fczde 100\u2019l\u00fck, lisansta ise y\u00fczde 98.06\u2019l\u0131k doluluk yakalayan \u0130E\u00dc, Ege\u2019deki vak\u0131f \u00fcniversiteleri i\u00e7inde ise zirvede&#8230;<\/p>\n","protected":false},"author":1,"featured_media":51254,"comment_status":"open","ping_status":"open","sticky":false,"template":"","format":"standard","meta":{"_crdt_document":"","footnotes":""},"categories":[1],"tags":[],"class_list":["post-51253","post","type-post","status-publish","format-standard","has-post-thumbnail","hentry","category-guncel"],"_links":{"self":[{"href":"https:\/\/www.egemtv.com\/index.php?rest_route=\/wp\/v2\/posts\/51253","targetHints":{"allow":["GET"]}}],"collection":[{"href":"https:\/\/www.egemtv.com\/index.php?rest_route=\/wp\/v2\/posts"}],"about":[{"href":"https:\/\/www.egemtv.com\/index.php?rest_route=\/wp\/v2\/types\/post"}],"author":[{"embeddable":true,"href":"https:\/\/www.egemtv.com\/index.php?rest_route=\/wp\/v2\/users\/1"}],"replies":[{"embeddable":true,"href":"https:\/\/www.egemtv.com\/index.php?rest_route=%2Fwp%2Fv2%2Fcomments&post=51253"}],"version-history":[{"count":1,"href":"https:\/\/www.egemtv.com\/index.php?rest_route=\/wp\/v2\/posts\/51253\/revisions"}],"predecessor-version":[{"id":51255,"href":"https:\/\/www.egemtv.com\/index.php?rest_route=\/wp\/v2\/posts\/51253\/revisions\/51255"}],"wp:featuredmedia":[{"embeddable":true,"href":"https:\/\/www.egemtv.com\/index.php?rest_route=\/wp\/v2\/media\/51254"}],"wp:attachment":[{"href":"https:\/\/www.egemtv.com\/index.php?rest_route=%2Fwp%2Fv2%2Fmedia&parent=51253"}],"wp:term":[{"taxonomy":"category","embeddable":true,"href":"https:\/\/www.egemtv.com\/index.php?rest_route=%2Fwp%2Fv2%2Fcategories&post=51253"},{"taxonomy":"post_tag","embeddable":true,"href":"https:\/\/www.egemtv.com\/index.php?rest_route=%2Fwp%2Fv2%2Ftags&post=51253"}],"curies":[{"name":"wp","href":"https:\/\/api.w.org\/{rel}","templated":true}]}}