{"id":51250,"date":"2025-08-26T11:15:26","date_gmt":"2025-08-26T08:15:26","guid":{"rendered":"https:\/\/www.egemtv.com\/?p=51250"},"modified":"2025-08-26T11:15:27","modified_gmt":"2025-08-26T08:15:27","slug":"denizli-osbde-geleneksel-masa-tenisi-turnuvasi-icin-kayitlar-basladi","status":"publish","type":"post","link":"https:\/\/www.egemtv.com\/?p=51250","title":{"rendered":"Denizli OSB\u2019de Geleneksel Masa Tenisi Turnuvas\u0131 i\u00e7in kay\u0131tlar ba\u015flad\u0131"},"content":{"rendered":"<p>Denizli Organize Sanayi B\u00f6lge M\u00fcd\u00fcrl\u00fc\u011f\u00fc ile Gen\u00e7lik ve Spor \u0130l M\u00fcd\u00fcrl\u00fc\u011f\u00fc i\u015f birli\u011finde d\u00fczenlenen 6. Geleneksel Masa Tenisi Turnuvas\u0131 i\u00e7in kay\u0131tlar ba\u015flad\u0131. 10 Eyl\u00fcl 2025 \u00c7ar\u015famba g\u00fcn\u00fc kay\u0131t i\u00e7in son tarih.<\/p>\n<p>Denizli Organize Sanayi B\u00f6lge M\u00fcd\u00fcrl\u00fc\u011f\u00fc ile Gen\u00e7lik ve Spor \u0130l M\u00fcd\u00fcrl\u00fc\u011f\u00fc i\u015f birli\u011finde d\u00fczenlenen &#8220;6. Geleneksel Masa Tenisi Turnuvas\u0131&#8221;, 15 &#8211; 30 Eyl\u00fcl 2025 tarihleri aras\u0131nda ger\u00e7ekle\u015ftirilecek. Turnuva, b\u00f6lge i\u00e7erisinde faaliyet g\u00f6steren firmalar\u0131n \u00e7al\u0131\u015fanlar\u0131n\u0131 bir araya getirerek sporun ve dostlu\u011fun g\u00fcc\u00fcn\u00fc peki\u015ftirmeyi ama\u00e7l\u0131yor.<br \/>\n<br \/>Turnuvaya, Denizli OSB\u2019de yer alan firmalar\u0131n \u00e7al\u0131\u015fanlar\u0131 tak\u0131m halinde kat\u0131labilecek. Her tak\u0131m en az \u00fc\u00e7 ki\u015fiden olu\u015facak ve firmalar, kendi b\u00fcnyelerindeki farkl\u0131 birimlerden birden fazla tak\u0131m ile turnuvaya kat\u0131l\u0131m sa\u011flayabilecek.<\/p>\n<p>Son ba\u015fvuru tarihi 10 Eyl\u00fcl 2025<br \/>\n<br \/>Kat\u0131l\u0131m sa\u011flamak isteyen firmalar\u0131n, 10 Eyl\u00fcl 2025 \u00c7ar\u015famba g\u00fcn\u00fc saat 17.00\u2019ye kadar Denizli OSB B\u00f6lge M\u00fcd\u00fcrl\u00fc\u011f\u00fc\u2019ne yaz\u0131l\u0131 ba\u015fvuruda bulunmalar\u0131 gerekiyor.<br \/>\n<br \/>Turnuva \u00f6ncesi 12 Eyl\u00fcl 2025 Cuma g\u00fcn\u00fc saat 15.00\u2019te, tak\u0131m y\u00f6neticilerinin kat\u0131l\u0131m\u0131yla B\u00f6lge M\u00fcd\u00fcrl\u00fc\u011f\u00fc Toplant\u0131 Salonu\u2019nda kura \u00e7ekimi ve teknik toplant\u0131 d\u00fczenlenecek. Kura \u00e7ekiminin ard\u0131ndan, turnuvan\u0131n fikst\u00fcr\u00fc belirlenecek.<\/p>\n<p>Ma\u00e7lar DOSTEK Koleji Spor Salonu\u2019nda yap\u0131lacak<br \/>\n<br \/>T\u00fcm kar\u015f\u0131la\u015fmalar, Denizli Organize Sanayi B\u00f6lgesi i\u00e7erisinde yer alan DOSTEK Koleji Kapal\u0131 Spor Salonu\u2019nda oynanacak. Turnuva, hem rekabeti hem de dostlu\u011fu \u00f6n planda tutan yap\u0131s\u0131yla, Denizli OSB \u00e7al\u0131\u015fanlar\u0131 aras\u0131nda birlik ve motivasyonu art\u0131rmay\u0131 hedefliyor.<\/p>\n<p>&#8220;S\u00fcrd\u00fcr\u00fclebilir ba\u015far\u0131 i\u00e7in \u00e7al\u0131\u015fanlar\u0131m\u0131z\u0131n sosyal etkile\u015fimine yat\u0131r\u0131m yap\u0131yoruz&#8221;<br \/>\n<br \/>Denizli OSB Y\u00f6netim Kurulu Ba\u015fkan\u0131 Derya Baltal\u0131, turnuva ile ilgili yapt\u0131\u011f\u0131 a\u00e7\u0131klamada \u015fu de\u011ferlendirmelerde bulundu:<br \/>\n<br \/>&#8220;B\u00f6lgemizde geleneksel hale gelen Masa Tenisi Turnuvam\u0131z, sportif bir etkinlik olman\u0131n \u00f6tesinde, kurumlar aras\u0131 ileti\u015fimi g\u00fc\u00e7lendiren ve \u00e7al\u0131\u015fma hayat\u0131na de\u011fer katan bir organizasyondur. \u00c7al\u0131\u015fanlar\u0131m\u0131z\u0131n sosyal ya\u015famla kurdu\u011fu ba\u011f, i\u015f verimlili\u011fi ve kurumsal aidiyet a\u00e7\u0131s\u0131ndan b\u00fcy\u00fck \u00f6nem ta\u015f\u0131yor. Denizli OSB olarak, sanayide s\u00fcrd\u00fcr\u00fclebilir ba\u015far\u0131y\u0131 sadece \u00fcretimle de\u011fil, ayn\u0131 zamanda \u00e7al\u0131\u015fanlar\u0131n geli\u015fimine ve sosyal etkile\u015fimine yat\u0131r\u0131m yaparak sa\u011flamay\u0131 hedefliyoruz. Bu do\u011frultuda t\u00fcm firmalar\u0131m\u0131z\u0131 turnuvaya kat\u0131lmaya ve bu ortak heyecana katk\u0131 sunmaya davet ediyorum.&#8221;<br \/><\/p>\n","protected":false},"excerpt":{"rendered":"<p>Denizli Organize Sanayi B\u00f6lge M\u00fcd\u00fcrl\u00fc\u011f\u00fc ile Gen\u00e7lik ve Spor \u0130l M\u00fcd\u00fcrl\u00fc\u011f\u00fc i\u015f birli\u011finde d\u00fczenlenen 6. Geleneksel Masa Tenisi Turnuvas\u0131 i\u00e7in kay\u0131tlar ba\u015flad\u0131. 10 Eyl\u00fcl 2025 \u00c7ar\u015famba g\u00fcn\u00fc kay\u0131t i\u00e7in son tarih. Denizli Organize Sanayi B\u00f6lge M\u00fcd\u00fcrl\u00fc\u011f\u00fc ile Gen\u00e7lik ve Spor \u0130l M\u00fcd\u00fcrl\u00fc\u011f\u00fc i\u015f birli\u011finde d\u00fczenlenen &#8220;6. Geleneksel Masa Tenisi Turnuvas\u0131&#8221;, 15 &#8211; 30 Eyl\u00fcl 2025&#8230;<\/p>\n","protected":false},"author":1,"featured_media":51251,"comment_status":"open","ping_status":"open","sticky":false,"template":"","format":"standard","meta":{"_crdt_document":"","footnotes":""},"categories":[4],"tags":[],"class_list":["post-51250","post","type-post","status-publish","format-standard","has-post-thumbnail","hentry","category-spor"],"_links":{"self":[{"href":"https:\/\/www.egemtv.com\/index.php?rest_route=\/wp\/v2\/posts\/51250","targetHints":{"allow":["GET"]}}],"collection":[{"href":"https:\/\/www.egemtv.com\/index.php?rest_route=\/wp\/v2\/posts"}],"about":[{"href":"https:\/\/www.egemtv.com\/index.php?rest_route=\/wp\/v2\/types\/post"}],"author":[{"embeddable":true,"href":"https:\/\/www.egemtv.com\/index.php?rest_route=\/wp\/v2\/users\/1"}],"replies":[{"embeddable":true,"href":"https:\/\/www.egemtv.com\/index.php?rest_route=%2Fwp%2Fv2%2Fcomments&post=51250"}],"version-history":[{"count":1,"href":"https:\/\/www.egemtv.com\/index.php?rest_route=\/wp\/v2\/posts\/51250\/revisions"}],"predecessor-version":[{"id":51252,"href":"https:\/\/www.egemtv.com\/index.php?rest_route=\/wp\/v2\/posts\/51250\/revisions\/51252"}],"wp:featuredmedia":[{"embeddable":true,"href":"https:\/\/www.egemtv.com\/index.php?rest_route=\/wp\/v2\/media\/51251"}],"wp:attachment":[{"href":"https:\/\/www.egemtv.com\/index.php?rest_route=%2Fwp%2Fv2%2Fmedia&parent=51250"}],"wp:term":[{"taxonomy":"category","embeddable":true,"href":"https:\/\/www.egemtv.com\/index.php?rest_route=%2Fwp%2Fv2%2Fcategories&post=51250"},{"taxonomy":"post_tag","embeddable":true,"href":"https:\/\/www.egemtv.com\/index.php?rest_route=%2Fwp%2Fv2%2Ftags&post=51250"}],"curies":[{"name":"wp","href":"https:\/\/api.w.org\/{rel}","templated":true}]}}