{"id":51244,"date":"2025-08-26T10:55:41","date_gmt":"2025-08-26T07:55:41","guid":{"rendered":"https:\/\/www.egemtv.com\/?p=51244"},"modified":"2025-08-26T10:55:42","modified_gmt":"2025-08-26T07:55:42","slug":"baliklama-atlayis-olumle-sonuclandi-o-anlar-arkadaslari-tarafindan-goruntulendi","status":"publish","type":"post","link":"https:\/\/www.egemtv.com\/?p=51244","title":{"rendered":"Bal\u0131klama atlay\u0131\u015f \u00f6l\u00fcmle sonu\u00e7land\u0131 o anlar arkada\u015flar\u0131 taraf\u0131ndan g\u00f6r\u00fcnt\u00fclendi"},"content":{"rendered":"<p>Isparta\u2019n\u0131n Senirkent il\u00e7esinde arkada\u015flar\u0131yla serinlemek i\u00e7in girdi\u011fi g\u00f6lette bal\u0131klama atlayan \u00e7ocuk, boynunu toprak zemine \u00e7arpmas\u0131 sonucu a\u011f\u0131r yaraland\u0131. Yo\u011fun bak\u0131mda tedavi alt\u0131na al\u0131nan \u00e7ocuk, 15 g\u00fcnl\u00fck ya\u015fam m\u00fccadelesini kaybetti.<br \/>\n<br \/>Olay, 10 A\u011fustos Pazar g\u00fcn\u00fc Senirkent il\u00e7esine ba\u011fl\u0131 Gen\u00e7ali k\u00f6y\u00fcnde bulunan g\u00f6lette meydana geldi. Edinilen bilgiye g\u00f6re, 16 ya\u015f\u0131ndaki \u0130smail Karaaslan, arkada\u015flar\u0131yla serinlemek i\u00e7in girdi\u011fi g\u00f6lette bal\u0131klama atlayarak boynunu toprak zemine \u00e7arpt\u0131. Karaaslan, \u00e7arpman\u0131n etkisiyle a\u011f\u0131r yaraland\u0131. Acil olarak hastaneye kald\u0131r\u0131lan \u00e7ocuk, yo\u011fun bak\u0131mda tedavi alt\u0131na al\u0131nd\u0131. Ancak Karaaslan, uzun s\u00fcredir verdi\u011fi ya\u015fam m\u00fccadelesini ge\u00e7ti\u011fimiz g\u00fcn, sabah saatlerinde kaybetti.<\/p>\n<p>Olay an\u0131 cep telefonu kameralar\u0131na anbean yans\u0131d\u0131<br \/>\n<br \/>Hayat\u0131n\u0131 kaybeden Karaaslan\u2019\u0131n cenazesinin 25 A\u011fustos Pazartesi g\u00fcn\u00fc Gen\u00e7ali k\u00f6y\u00fcnde topra\u011fa verildi\u011fi \u00f6\u011frenildi. Olay an\u0131 cep telefonu kameras\u0131na da yans\u0131d\u0131. G\u00f6r\u00fcnt\u00fclerde \u00e7ocu\u011fun g\u00f6lete bal\u0131klama atlad\u0131\u011f\u0131 ve k\u0131sa s\u00fcre sonra su y\u00fczeyinde hareketsiz kald\u0131\u011f\u0131 g\u00f6r\u00fcld\u00fc.<br \/><\/p>\n","protected":false},"excerpt":{"rendered":"<p>Isparta\u2019n\u0131n Senirkent il\u00e7esinde arkada\u015flar\u0131yla serinlemek i\u00e7in girdi\u011fi g\u00f6lette bal\u0131klama atlayan \u00e7ocuk, boynunu toprak zemine \u00e7arpmas\u0131 sonucu a\u011f\u0131r yaraland\u0131. Yo\u011fun bak\u0131mda tedavi alt\u0131na al\u0131nan \u00e7ocuk, 15 g\u00fcnl\u00fck ya\u015fam m\u00fccadelesini kaybetti. Olay, 10 A\u011fustos Pazar g\u00fcn\u00fc Senirkent il\u00e7esine ba\u011fl\u0131 Gen\u00e7ali k\u00f6y\u00fcnde bulunan g\u00f6lette meydana geldi. Edinilen bilgiye g\u00f6re, 16 ya\u015f\u0131ndaki \u0130smail Karaaslan, arkada\u015flar\u0131yla serinlemek i\u00e7in girdi\u011fi g\u00f6lette&#8230;<\/p>\n","protected":false},"author":1,"featured_media":51245,"comment_status":"open","ping_status":"open","sticky":false,"template":"","format":"standard","meta":{"_crdt_document":"","footnotes":""},"categories":[5],"tags":[],"class_list":["post-51244","post","type-post","status-publish","format-standard","has-post-thumbnail","hentry","category-asayis"],"_links":{"self":[{"href":"https:\/\/www.egemtv.com\/index.php?rest_route=\/wp\/v2\/posts\/51244","targetHints":{"allow":["GET"]}}],"collection":[{"href":"https:\/\/www.egemtv.com\/index.php?rest_route=\/wp\/v2\/posts"}],"about":[{"href":"https:\/\/www.egemtv.com\/index.php?rest_route=\/wp\/v2\/types\/post"}],"author":[{"embeddable":true,"href":"https:\/\/www.egemtv.com\/index.php?rest_route=\/wp\/v2\/users\/1"}],"replies":[{"embeddable":true,"href":"https:\/\/www.egemtv.com\/index.php?rest_route=%2Fwp%2Fv2%2Fcomments&post=51244"}],"version-history":[{"count":1,"href":"https:\/\/www.egemtv.com\/index.php?rest_route=\/wp\/v2\/posts\/51244\/revisions"}],"predecessor-version":[{"id":51246,"href":"https:\/\/www.egemtv.com\/index.php?rest_route=\/wp\/v2\/posts\/51244\/revisions\/51246"}],"wp:featuredmedia":[{"embeddable":true,"href":"https:\/\/www.egemtv.com\/index.php?rest_route=\/wp\/v2\/media\/51245"}],"wp:attachment":[{"href":"https:\/\/www.egemtv.com\/index.php?rest_route=%2Fwp%2Fv2%2Fmedia&parent=51244"}],"wp:term":[{"taxonomy":"category","embeddable":true,"href":"https:\/\/www.egemtv.com\/index.php?rest_route=%2Fwp%2Fv2%2Fcategories&post=51244"},{"taxonomy":"post_tag","embeddable":true,"href":"https:\/\/www.egemtv.com\/index.php?rest_route=%2Fwp%2Fv2%2Ftags&post=51244"}],"curies":[{"name":"wp","href":"https:\/\/api.w.org\/{rel}","templated":true}]}}