{"id":51241,"date":"2025-08-26T10:55:40","date_gmt":"2025-08-26T07:55:40","guid":{"rendered":"https:\/\/www.egemtv.com\/?p=51241"},"modified":"2025-08-26T10:55:41","modified_gmt":"2025-08-26T07:55:41","slug":"pamukkalede-cop-daglari","status":"publish","type":"post","link":"https:\/\/www.egemtv.com\/?p=51241","title":{"rendered":"Pamukkale\u2019de \u00e7\u00f6p da\u011flar\u0131"},"content":{"rendered":"<p>DEN\u0130ZL\u0130 (\u0130HA) \u2013 Denizli\u2019nin her y\u0131l milyonlarda yerli ve yabanc\u0131 turist a\u011f\u0131rlayan Pamukkale il\u00e7esinde toplanmayan \u00e7\u00f6plerin koku ve \u00e7evre kirlili\u011finin yan\u0131 s\u0131ra halk sa\u011fl\u0131\u011f\u0131 i\u00e7in tehdit olu\u015fturdu\u011fu belirtildi.<\/p>\n<p>Denizli\u2019nin turistik il\u00e7esi Pamukkale, do\u011fal g\u00fczellikleri ve \u015fifal\u0131 sular\u0131yla bilinirken, son g\u00fcnlerde olu\u015fan \u00e7\u00f6p da\u011flar\u0131yla g\u00fcndeme geldi. \u0130l\u00e7enin baz\u0131 mahallelerinde olu\u015fan \u00e7\u00f6p da\u011flar\u0131na \u00e7evre kirlili\u011fi ve kokuya neden olurken, vatanda\u015flar\u0131n da Pamukkale Belediyesinin asli g\u00f6revini yerine getirmemesi nedeniyle ma\u011fduriyet ya\u015fad\u0131\u011f\u0131 ifade edildi.<\/p>\n<p>Pamukkale il\u00e7esinde uzun s\u00fcredir \u00e7\u00f6plerin d\u00fczenli olarak toplanmad\u0131\u011f\u0131n\u0131 \u00f6ne s\u00fcren AK Parti Pamukkale \u0130l\u00e7e Ba\u015fkan\u0131 Osman \u00d6zpek, &#8220;Sokaklar\u0131m\u0131zda g\u00fcnlerce bekleyen \u00e7\u00f6pler, pis koku ve g\u00f6r\u00fcnt\u00fc kirlili\u011fi olu\u015fturmakta ayn\u0131 zamanda halk sa\u011fl\u0131\u011f\u0131n\u0131 tehdit etmektedir. \u00c7ocuklar\u0131m\u0131z\u0131n oynad\u0131\u011f\u0131 parklar, okullar\u0131m\u0131z\u0131n \u00e7evresi ve pazaryerleri \u00e7\u00f6p y\u0131\u011f\u0131nlar\u0131yla dolmu\u015f durumda. Toplanmayan \u00e7\u00f6pler nedeniyle, sinek, b\u00f6cek ve ha\u015fere say\u0131s\u0131 h\u0131zla artarken, il\u00e7e sakinlerimiz her g\u00fcn daha b\u00fcy\u00fck s\u0131k\u0131nt\u0131yla kar\u015f\u0131 kar\u015f\u0131ya kalmaktad\u0131r. Pamukkale gibi turistik il\u00e7ede bu g\u00f6r\u00fcnt\u00fcler hem il\u00e7emizin imaj\u0131n\u0131 zedelemekte hem de vatanda\u015flar\u0131m\u0131z\u0131n ya\u015fam kalitesini d\u00fc\u015f\u00fcrmektedir. Belediyenin asli g\u00f6revi olan temizlik hizmetini yerine getirmekte yetersiz kalmakta, halk\u0131n taleplerini g\u00f6rmezlikten gelmektedir. Pamukkale halk\u0131 olarak bu sorumsuzlu\u011funuzu kabul etmiyor, belediyeyi acilen g\u00f6reve davet ediyoruz. \u0130l\u00e7emizin temizli\u011fi ve halk sa\u011fl\u0131\u011f\u0131 i\u00e7in gerekli ad\u0131mlar\u0131n vakit kaybetmeden at\u0131lmas\u0131n\u0131 talep ediyoruz&#8221; dedi.<br \/><\/p>\n","protected":false},"excerpt":{"rendered":"<p>DEN\u0130ZL\u0130 (\u0130HA) \u2013 Denizli\u2019nin her y\u0131l milyonlarda yerli ve yabanc\u0131 turist a\u011f\u0131rlayan Pamukkale il\u00e7esinde toplanmayan \u00e7\u00f6plerin koku ve \u00e7evre kirlili\u011finin yan\u0131 s\u0131ra halk sa\u011fl\u0131\u011f\u0131 i\u00e7in tehdit olu\u015fturdu\u011fu belirtildi. Denizli\u2019nin turistik il\u00e7esi Pamukkale, do\u011fal g\u00fczellikleri ve \u015fifal\u0131 sular\u0131yla bilinirken, son g\u00fcnlerde olu\u015fan \u00e7\u00f6p da\u011flar\u0131yla g\u00fcndeme geldi. \u0130l\u00e7enin baz\u0131 mahallelerinde olu\u015fan \u00e7\u00f6p da\u011flar\u0131na \u00e7evre kirlili\u011fi ve kokuya&#8230;<\/p>\n","protected":false},"author":1,"featured_media":51242,"comment_status":"open","ping_status":"open","sticky":false,"template":"","format":"standard","meta":{"_crdt_document":"","footnotes":""},"categories":[1],"tags":[],"class_list":["post-51241","post","type-post","status-publish","format-standard","has-post-thumbnail","hentry","category-guncel"],"_links":{"self":[{"href":"https:\/\/www.egemtv.com\/index.php?rest_route=\/wp\/v2\/posts\/51241","targetHints":{"allow":["GET"]}}],"collection":[{"href":"https:\/\/www.egemtv.com\/index.php?rest_route=\/wp\/v2\/posts"}],"about":[{"href":"https:\/\/www.egemtv.com\/index.php?rest_route=\/wp\/v2\/types\/post"}],"author":[{"embeddable":true,"href":"https:\/\/www.egemtv.com\/index.php?rest_route=\/wp\/v2\/users\/1"}],"replies":[{"embeddable":true,"href":"https:\/\/www.egemtv.com\/index.php?rest_route=%2Fwp%2Fv2%2Fcomments&post=51241"}],"version-history":[{"count":1,"href":"https:\/\/www.egemtv.com\/index.php?rest_route=\/wp\/v2\/posts\/51241\/revisions"}],"predecessor-version":[{"id":51243,"href":"https:\/\/www.egemtv.com\/index.php?rest_route=\/wp\/v2\/posts\/51241\/revisions\/51243"}],"wp:featuredmedia":[{"embeddable":true,"href":"https:\/\/www.egemtv.com\/index.php?rest_route=\/wp\/v2\/media\/51242"}],"wp:attachment":[{"href":"https:\/\/www.egemtv.com\/index.php?rest_route=%2Fwp%2Fv2%2Fmedia&parent=51241"}],"wp:term":[{"taxonomy":"category","embeddable":true,"href":"https:\/\/www.egemtv.com\/index.php?rest_route=%2Fwp%2Fv2%2Fcategories&post=51241"},{"taxonomy":"post_tag","embeddable":true,"href":"https:\/\/www.egemtv.com\/index.php?rest_route=%2Fwp%2Fv2%2Ftags&post=51241"}],"curies":[{"name":"wp","href":"https:\/\/api.w.org\/{rel}","templated":true}]}}