{"id":51238,"date":"2025-08-26T10:55:39","date_gmt":"2025-08-26T07:55:39","guid":{"rendered":"https:\/\/www.egemtv.com\/?p=51238"},"modified":"2025-08-26T10:55:40","modified_gmt":"2025-08-26T07:55:40","slug":"otomobille-motosiklet-carpisti-1-yarali","status":"publish","type":"post","link":"https:\/\/www.egemtv.com\/?p=51238","title":{"rendered":"Otomobille motosiklet \u00e7arp\u0131\u015ft\u0131: 1 yaral\u0131"},"content":{"rendered":"<p>Ayd\u0131n\u2019\u0131n Efeler il\u00e7esinde otomobil ile motosikletin \u00e7arp\u0131\u015fmas\u0131 sonucu meydana gelen kazada 1 ki\u015fi yaraland\u0131.<br \/>\n<br \/>Kaza, Efeler il\u00e7esi Bat\u0131 Gazi Bulvar\u0131 \u00fczerinde meydana geldi. Edinilen bilgiye g\u00f6re 09 FM 355 plakal\u0131 otomobil ile 09 ARS 463 plakal\u0131 motosiklet Atat\u00fcrk Bulvar\u0131 kesi\u015fiminde \u00e7arp\u0131\u015ft\u0131. \u00c7arp\u0131\u015fman\u0131n etkisiyle motosiklet s\u00fcr\u00fcc\u00fcs\u00fc yola savrulurken ba\u015f\u0131ndan yaraland\u0131. Kazay\u0131 g\u00f6renler durumu 112 Acil \u00c7a\u011fr\u0131 Merkezi\u2019ne bildirdi. \u0130hbar \u00fczerine b\u00f6lgeye polis ve sa\u011fl\u0131k ekipleri sevk edildi. K\u0131sa s\u00fcrede b\u00f6lgeye gelen sa\u011fl\u0131k ekipleri, yaral\u0131y\u0131 ilk m\u00fcdahalenin ard\u0131ndan ambulansla Ayd\u0131n Devlet Hastanesi\u2019ne kald\u0131rd\u0131. Yaral\u0131 motosiklet s\u00fcr\u00fcc\u00fcs\u00fc tedavi alt\u0131na al\u0131n\u0131rken, otomobil s\u00fcr\u00fcc\u00fcs\u00fc ise ifadesi al\u0131nmak \u00fczere karakola g\u00f6t\u00fcr\u00fcld\u00fc. Kaza ile ilgili inceleme ba\u015flat\u0131ld\u0131.<br \/><\/p>\n","protected":false},"excerpt":{"rendered":"<p>Ayd\u0131n\u2019\u0131n Efeler il\u00e7esinde otomobil ile motosikletin \u00e7arp\u0131\u015fmas\u0131 sonucu meydana gelen kazada 1 ki\u015fi yaraland\u0131. Kaza, Efeler il\u00e7esi Bat\u0131 Gazi Bulvar\u0131 \u00fczerinde meydana geldi. Edinilen bilgiye g\u00f6re 09 FM 355 plakal\u0131 otomobil ile 09 ARS 463 plakal\u0131 motosiklet Atat\u00fcrk Bulvar\u0131 kesi\u015fiminde \u00e7arp\u0131\u015ft\u0131. \u00c7arp\u0131\u015fman\u0131n etkisiyle motosiklet s\u00fcr\u00fcc\u00fcs\u00fc yola savrulurken ba\u015f\u0131ndan yaraland\u0131. Kazay\u0131 g\u00f6renler durumu 112 Acil \u00c7a\u011fr\u0131&#8230;<\/p>\n","protected":false},"author":1,"featured_media":51239,"comment_status":"open","ping_status":"open","sticky":false,"template":"","format":"standard","meta":{"_crdt_document":"","footnotes":""},"categories":[5],"tags":[],"class_list":["post-51238","post","type-post","status-publish","format-standard","has-post-thumbnail","hentry","category-asayis"],"_links":{"self":[{"href":"https:\/\/www.egemtv.com\/index.php?rest_route=\/wp\/v2\/posts\/51238","targetHints":{"allow":["GET"]}}],"collection":[{"href":"https:\/\/www.egemtv.com\/index.php?rest_route=\/wp\/v2\/posts"}],"about":[{"href":"https:\/\/www.egemtv.com\/index.php?rest_route=\/wp\/v2\/types\/post"}],"author":[{"embeddable":true,"href":"https:\/\/www.egemtv.com\/index.php?rest_route=\/wp\/v2\/users\/1"}],"replies":[{"embeddable":true,"href":"https:\/\/www.egemtv.com\/index.php?rest_route=%2Fwp%2Fv2%2Fcomments&post=51238"}],"version-history":[{"count":1,"href":"https:\/\/www.egemtv.com\/index.php?rest_route=\/wp\/v2\/posts\/51238\/revisions"}],"predecessor-version":[{"id":51240,"href":"https:\/\/www.egemtv.com\/index.php?rest_route=\/wp\/v2\/posts\/51238\/revisions\/51240"}],"wp:featuredmedia":[{"embeddable":true,"href":"https:\/\/www.egemtv.com\/index.php?rest_route=\/wp\/v2\/media\/51239"}],"wp:attachment":[{"href":"https:\/\/www.egemtv.com\/index.php?rest_route=%2Fwp%2Fv2%2Fmedia&parent=51238"}],"wp:term":[{"taxonomy":"category","embeddable":true,"href":"https:\/\/www.egemtv.com\/index.php?rest_route=%2Fwp%2Fv2%2Fcategories&post=51238"},{"taxonomy":"post_tag","embeddable":true,"href":"https:\/\/www.egemtv.com\/index.php?rest_route=%2Fwp%2Fv2%2Ftags&post=51238"}],"curies":[{"name":"wp","href":"https:\/\/api.w.org\/{rel}","templated":true}]}}