{"id":51235,"date":"2025-08-26T10:35:53","date_gmt":"2025-08-26T07:35:53","guid":{"rendered":"https:\/\/www.egemtv.com\/?p=51235"},"modified":"2025-08-26T10:35:54","modified_gmt":"2025-08-26T07:35:54","slug":"msku-teknofest-2025te-finalde","status":"publish","type":"post","link":"https:\/\/www.egemtv.com\/?p=51235","title":{"rendered":"MSK\u00dc Teknofest 2025\u2019te finalde"},"content":{"rendered":"<p>Mu\u011fla S\u0131tk\u0131 Ko\u00e7man \u00dcniversitesi (MSK\u00dc), havac\u0131l\u0131k alan\u0131nda yapay zeka ile geli\u015ftirdikleri projeyle Teknofest 2025\u2019te finale kald\u0131. \u00d6\u011frenciler, Havac\u0131l\u0131kta Yapay Zeka Yar\u0131\u015fmas\u0131\u2019nda \u00fcniversitelerini temsil edecek.<br \/>\n<br \/>Proje ekibi, Bilgisayar M\u00fchendisli\u011fi B\u00f6l\u00fcm\u00fc \u00d6\u011fretim \u00dcyesi Dr. Enis Karaarslan\u2019\u0131n dan\u0131\u015fmanl\u0131\u011f\u0131nda \u00e7al\u0131\u015fmalar\u0131n\u0131 y\u00fcr\u00fct\u00fcyor. Tak\u0131m liderli\u011fini Bilgisayar M\u00fchendisli\u011fi \u00f6\u011frencisi Ahmet Alan \u00fcstlenirken, Matematik y\u00fcksek lisans \u00f6\u011frencisi Ula\u015f Mert Toy ise tak\u0131m \u00fcyesi olarak g\u00f6rev al\u0131yor.<br \/>\n<br \/>Projenin odak noktas\u0131: g\u00fcvenli u\u00e7u\u015f<br \/>\n<br \/>Dr. Enis Karaarslan, projenin iki temel problemi \u00e7\u00f6zmeye odakland\u0131\u011f\u0131n\u0131 belirtti. Birincisi, u\u00e7an ara\u00e7lar\u0131n kameralar\u0131 arac\u0131l\u0131\u011f\u0131yla insan ve ta\u015f\u0131t gibi nesneleri alg\u0131layarak muhtemel \u00e7arp\u0131\u015fmalar\u0131 \u00f6nlemek. \u0130kincisi ise, GPS sistemi devre d\u0131\u015f\u0131 kald\u0131\u011f\u0131nda arac\u0131n konumunu yaln\u0131zca g\u00f6rsel verilerle do\u011fru bir \u015fekilde belirlemek. Bu sayede, u\u00e7an ara\u00e7lar\u0131n hem \u00e7evresini alg\u0131layabilmesi hem de GPS\u2019e ba\u011f\u0131ml\u0131 kalmadan g\u00fcvenli bir \u015fekilde konumunu belirleyebilmesi hedefleniyor.<br \/>\n<br \/>Dr. Karaarslan, bu \u00e7al\u0131\u015fmalar\u0131n gelecekte \u015fehir i\u00e7i ula\u015f\u0131mda ve yo\u011fun hava trafi\u011finde otonom ve g\u00fcvenli u\u00e7u\u015flar i\u00e7in kritik bir \u00f6nem ta\u015f\u0131d\u0131\u011f\u0131n\u0131 vurgulad\u0131.<br \/>\n<br \/>&#8220;\u00d6\u011frencilerimiz fark olu\u015fturmay\u0131 ama\u00e7l\u0131yor&#8221;<br \/>\n<br \/>Proje dan\u0131\u015fman\u0131, yapay zekan\u0131n havac\u0131l\u0131kta kullan\u0131m\u0131n\u0131n drone gibi otonom ara\u00e7lar i\u00e7in \u00e7ok \u00f6nemli oldu\u011funu ifade etti. MSK\u00dc DTCS Laboratuvar\u0131nda devam eden \u00e7al\u0131\u015fmalarla \u00f6\u011frencilerin, havac\u0131l\u0131kta yapay zeka kullan\u0131m\u0131nda fark olu\u015fturmay\u0131 hedeflediklerini ve \u00fcniversiteyi en iyi \u015fekilde temsil ettiklerini s\u00f6yledi.<br \/>\n<br \/>MSK\u00dc ekibi, Havac\u0131l\u0131kta Yapay Zeka Yar\u0131\u015fmas\u0131\u2019n\u0131n \u00f6nceki a\u015famalar\u0131n\u0131 ba\u015far\u0131yla tamamlayarak finale y\u00fckseldi. Ekip, finalde projelerini sunmak ve derece i\u00e7in yar\u0131\u015fmak \u00fczere \u0130stanbul\u2019daki Teknofest etkinli\u011finde yer alacak.<br \/><\/p>\n","protected":false},"excerpt":{"rendered":"<p>Mu\u011fla S\u0131tk\u0131 Ko\u00e7man \u00dcniversitesi (MSK\u00dc), havac\u0131l\u0131k alan\u0131nda yapay zeka ile geli\u015ftirdikleri projeyle Teknofest 2025\u2019te finale kald\u0131. \u00d6\u011frenciler, Havac\u0131l\u0131kta Yapay Zeka Yar\u0131\u015fmas\u0131\u2019nda \u00fcniversitelerini temsil edecek. Proje ekibi, Bilgisayar M\u00fchendisli\u011fi B\u00f6l\u00fcm\u00fc \u00d6\u011fretim \u00dcyesi Dr. Enis Karaarslan\u2019\u0131n dan\u0131\u015fmanl\u0131\u011f\u0131nda \u00e7al\u0131\u015fmalar\u0131n\u0131 y\u00fcr\u00fct\u00fcyor. Tak\u0131m liderli\u011fini Bilgisayar M\u00fchendisli\u011fi \u00f6\u011frencisi Ahmet Alan \u00fcstlenirken, Matematik y\u00fcksek lisans \u00f6\u011frencisi Ula\u015f Mert Toy ise tak\u0131m \u00fcyesi&#8230;<\/p>\n","protected":false},"author":1,"featured_media":51236,"comment_status":"open","ping_status":"open","sticky":false,"template":"","format":"standard","meta":{"_crdt_document":"","footnotes":""},"categories":[124],"tags":[],"class_list":["post-51235","post","type-post","status-publish","format-standard","has-post-thumbnail","hentry","category-bilim"],"_links":{"self":[{"href":"https:\/\/www.egemtv.com\/index.php?rest_route=\/wp\/v2\/posts\/51235","targetHints":{"allow":["GET"]}}],"collection":[{"href":"https:\/\/www.egemtv.com\/index.php?rest_route=\/wp\/v2\/posts"}],"about":[{"href":"https:\/\/www.egemtv.com\/index.php?rest_route=\/wp\/v2\/types\/post"}],"author":[{"embeddable":true,"href":"https:\/\/www.egemtv.com\/index.php?rest_route=\/wp\/v2\/users\/1"}],"replies":[{"embeddable":true,"href":"https:\/\/www.egemtv.com\/index.php?rest_route=%2Fwp%2Fv2%2Fcomments&post=51235"}],"version-history":[{"count":1,"href":"https:\/\/www.egemtv.com\/index.php?rest_route=\/wp\/v2\/posts\/51235\/revisions"}],"predecessor-version":[{"id":51237,"href":"https:\/\/www.egemtv.com\/index.php?rest_route=\/wp\/v2\/posts\/51235\/revisions\/51237"}],"wp:featuredmedia":[{"embeddable":true,"href":"https:\/\/www.egemtv.com\/index.php?rest_route=\/wp\/v2\/media\/51236"}],"wp:attachment":[{"href":"https:\/\/www.egemtv.com\/index.php?rest_route=%2Fwp%2Fv2%2Fmedia&parent=51235"}],"wp:term":[{"taxonomy":"category","embeddable":true,"href":"https:\/\/www.egemtv.com\/index.php?rest_route=%2Fwp%2Fv2%2Fcategories&post=51235"},{"taxonomy":"post_tag","embeddable":true,"href":"https:\/\/www.egemtv.com\/index.php?rest_route=%2Fwp%2Fv2%2Ftags&post=51235"}],"curies":[{"name":"wp","href":"https:\/\/api.w.org\/{rel}","templated":true}]}}