{"id":51232,"date":"2025-08-26T10:35:52","date_gmt":"2025-08-26T07:35:52","guid":{"rendered":"https:\/\/www.egemtv.com\/?p=51232"},"modified":"2025-08-26T10:35:53","modified_gmt":"2025-08-26T07:35:53","slug":"mugla-buyuksehir-gunduz-bakimevleri-sayisini-artiriyor","status":"publish","type":"post","link":"https:\/\/www.egemtv.com\/?p=51232","title":{"rendered":"Mu\u011fla B\u00fcy\u00fck\u015fehir G\u00fcnd\u00fcz Bak\u0131mevleri say\u0131s\u0131n\u0131 art\u0131r\u0131yor"},"content":{"rendered":"<p>K\u0131y\u0131 Ege Belediyeler Birli\u011fi ve Mu\u011fla B\u00fcy\u00fck\u015fehir Belediye Ba\u015fkan\u0131 Ahmet Aras, se\u00e7im s\u00fcrecinde verdi\u011fi s\u00f6zleri yerine getirmeye devam ediyor. Bu kapsamda B\u00fcy\u00fck\u015fehir Belediyesi il genelinde G\u00fcnd\u00fcz Bak\u0131mevlerinin say\u0131s\u0131n\u0131 art\u0131rmak i\u00e7in \u00e7al\u0131\u015fmalar\u0131na devam ediyor. B\u00fcy\u00fck\u015fehir Belediyesi \u00f6n\u00fcm\u00fczdeki g\u00fcnlerde Seydikemer, Kavakl\u0131dere ve Ula il\u00e7elerinde de G\u00fcnd\u00fcz Bak\u0131mevi a\u00e7acak.<br \/>\n<br \/>G\u00fcnd\u00fcz bak\u0131mevleri il geneline yay\u0131l\u0131yor<br \/>\n<br \/>Sosyal belediyecilik alan\u0131nda vatanda\u015flar\u0131n yan\u0131nda olmak i\u00e7in \u00e7al\u0131\u015fmalar\u0131na devam eden B\u00fcy\u00fck\u015fehir Belediyesi, Ba\u015fkan Aras\u2019\u0131n se\u00e7im vaatlerinden biri olan ve b\u00fcy\u00fck \u00f6nem verdi\u011fi G\u00fcnd\u00fcz Bak\u0131mevlerinin say\u0131s\u0131n\u0131 artt\u0131r\u0131yor. Mente\u015fe, Fethiye, Yata\u011fan, Ortaca il\u00e7elerine kazand\u0131r\u0131lan G\u00fcnd\u00fcz Bak\u0131mevlerinden sonra Bodrum, Seydikemer, Kavakl\u0131dere ve Ula il\u00e7elerinde de kre\u015f a\u00e7\u0131lmas\u0131 i\u00e7in \u00e7al\u0131\u015fmalar s\u00fcr\u00fcyor. A\u00e7\u0131lacak olan yeni G\u00fcnd\u00fcz Bak\u0131mevleri ile birlikte okul \u00f6ncesi \u00e7ocuklara y\u00f6nelik e\u011fitim ve bak\u0131m hizmetleri il genelinde daha geni\u015f bir alana yay\u0131lm\u0131\u015f olacak.<br \/>\n<br \/>G\u00fcnd\u00fcz Bak\u0131mevleri, \u00f6zellikle \u00e7al\u0131\u015fan anneler i\u00e7in b\u00fcy\u00fck kolayl\u0131k sa\u011fl\u0131yor. \u00c7ocuklar\u0131n\u0131 g\u00fcvenle b\u0131rakabilecekleri bir ortam sunan bu merkezler, kad\u0131nlar\u0131n i\u015f hayat\u0131na kat\u0131l\u0131m\u0131n\u0131 desteklerken ayn\u0131 zamanda ailelerin sosyal e\u015fitlikten daha fazla faydalanmas\u0131na katk\u0131 sunuyor.<br \/>\n<br \/>Bak\u0131mevlerinde \u00e7ocuklar yaln\u0131zca bak\u0131m hizmeti almakla kalm\u0131yor; oyun temelli ve \u00e7a\u011fda\u015f e\u011fitim y\u00f6ntemleriyle geli\u015fimleri destekleniyor. Uzman e\u011fitimciler e\u015fli\u011finde haz\u0131rlanan programlarla \u00e7ocuklar\u0131n sosyal ve duygusal becerileri g\u00fc\u00e7lendiriliyor, g\u00fcvenli ve mutlu bir ortamda b\u00fcy\u00fcmeleri sa\u011flan\u0131yor.<br \/>\n<br \/>Ba\u015fkan Aras; &#8220;Bizler vatanda\u015flar\u0131m\u0131z\u0131 mutlu etmek i\u00e7in var\u0131z&#8221;<br \/>\n<br \/>K\u0131y\u0131 Ege Belediyeler Birli\u011fi ve Mu\u011fla B\u00fcy\u00fck\u015fehir Belediye Ba\u015fkan\u0131 Ahmet Aras insanlar\u0131n mutlulu\u011fu, huzurlu ve mutlu bir \u015fehirde ya\u015famalar\u0131 i\u00e7in projeler ger\u00e7ekle\u015ftirdiklerini, bunlardan en \u00f6nemlisinin gelece\u011fin teminat\u0131 \u00e7ocuklar i\u00e7in olan G\u00fcnd\u00fcz Bak\u0131mevi projesi oldu\u011funu belirtti.<br \/>\n<br \/>Ba\u015fkan Aras; &#8220;Se\u00e7imlerden \u00f6nce il\u00e7e belediye ba\u015fkanlar\u0131m\u0131zla il\u00e7elerimize neler yapabiliriz, eksikleri nelerdir diye konu\u015farak vaatlerimizi vatanda\u015flar\u0131m\u0131zla payla\u015fm\u0131\u015ft\u0131k. \u0130l\u00e7elerimize g\u00fcnd\u00fcz bak\u0131mevleri kazand\u0131raca\u011f\u0131m\u0131z\u0131 vaat etmi\u015ftik. Yata\u011fan, Ortaca il\u00e7elerimizde bu hizmeti k\u0131sa s\u00fcrede hayata ge\u00e7irdik. \u015eimdi Seydikemer, Bodrum, Ula ve Kavakl\u0131dere il\u00e7elerimizde bu hizmeti hayata ge\u00e7irmek i\u00e7in \u00e7al\u0131\u015f\u0131yoruz. Bu \u00f6nemli hizmeti ayd\u0131nl\u0131k bir T\u00fcrkiye\u2019nin gelece\u011fi olan \u00e7ocuklar\u0131m\u0131z i\u00e7in hayata ge\u00e7iriyoruz. Bizim hedefimiz D\u00fcnya Kenti Mu\u011fla derken kad\u0131nlar\u0131n, \u00e7ocuklar\u0131n rahat\u00e7a gezece\u011fi, hi\u00e7bir kad\u0131n\u0131n \u015fiddet g\u00f6rmedi\u011fi, hayvanlar\u0131n, do\u011fan\u0131n zarar g\u00f6rmedi\u011fi bir \u015fehir hayal ediyoruz. Biz insanlar\u0131 mutlu etmek i\u00e7in var\u0131z&#8221; dedi.<br \/><\/p>\n","protected":false},"excerpt":{"rendered":"<p>K\u0131y\u0131 Ege Belediyeler Birli\u011fi ve Mu\u011fla B\u00fcy\u00fck\u015fehir Belediye Ba\u015fkan\u0131 Ahmet Aras, se\u00e7im s\u00fcrecinde verdi\u011fi s\u00f6zleri yerine getirmeye devam ediyor. Bu kapsamda B\u00fcy\u00fck\u015fehir Belediyesi il genelinde G\u00fcnd\u00fcz Bak\u0131mevlerinin say\u0131s\u0131n\u0131 art\u0131rmak i\u00e7in \u00e7al\u0131\u015fmalar\u0131na devam ediyor. B\u00fcy\u00fck\u015fehir Belediyesi \u00f6n\u00fcm\u00fczdeki g\u00fcnlerde Seydikemer, Kavakl\u0131dere ve Ula il\u00e7elerinde de G\u00fcnd\u00fcz Bak\u0131mevi a\u00e7acak. G\u00fcnd\u00fcz bak\u0131mevleri il geneline yay\u0131l\u0131yor Sosyal belediyecilik alan\u0131nda vatanda\u015flar\u0131n&#8230;<\/p>\n","protected":false},"author":1,"featured_media":51233,"comment_status":"open","ping_status":"open","sticky":false,"template":"","format":"standard","meta":{"_crdt_document":"","footnotes":""},"categories":[123],"tags":[],"class_list":["post-51232","post","type-post","status-publish","format-standard","has-post-thumbnail","hentry","category-gundem"],"_links":{"self":[{"href":"https:\/\/www.egemtv.com\/index.php?rest_route=\/wp\/v2\/posts\/51232","targetHints":{"allow":["GET"]}}],"collection":[{"href":"https:\/\/www.egemtv.com\/index.php?rest_route=\/wp\/v2\/posts"}],"about":[{"href":"https:\/\/www.egemtv.com\/index.php?rest_route=\/wp\/v2\/types\/post"}],"author":[{"embeddable":true,"href":"https:\/\/www.egemtv.com\/index.php?rest_route=\/wp\/v2\/users\/1"}],"replies":[{"embeddable":true,"href":"https:\/\/www.egemtv.com\/index.php?rest_route=%2Fwp%2Fv2%2Fcomments&post=51232"}],"version-history":[{"count":1,"href":"https:\/\/www.egemtv.com\/index.php?rest_route=\/wp\/v2\/posts\/51232\/revisions"}],"predecessor-version":[{"id":51234,"href":"https:\/\/www.egemtv.com\/index.php?rest_route=\/wp\/v2\/posts\/51232\/revisions\/51234"}],"wp:featuredmedia":[{"embeddable":true,"href":"https:\/\/www.egemtv.com\/index.php?rest_route=\/wp\/v2\/media\/51233"}],"wp:attachment":[{"href":"https:\/\/www.egemtv.com\/index.php?rest_route=%2Fwp%2Fv2%2Fmedia&parent=51232"}],"wp:term":[{"taxonomy":"category","embeddable":true,"href":"https:\/\/www.egemtv.com\/index.php?rest_route=%2Fwp%2Fv2%2Fcategories&post=51232"},{"taxonomy":"post_tag","embeddable":true,"href":"https:\/\/www.egemtv.com\/index.php?rest_route=%2Fwp%2Fv2%2Ftags&post=51232"}],"curies":[{"name":"wp","href":"https:\/\/api.w.org\/{rel}","templated":true}]}}