{"id":51229,"date":"2025-08-26T10:35:51","date_gmt":"2025-08-26T07:35:51","guid":{"rendered":"https:\/\/www.egemtv.com\/?p=51229"},"modified":"2025-08-26T10:35:52","modified_gmt":"2025-08-26T07:35:52","slug":"baskan-tatik-1071-de-anadolunun-kapilari-acildi-1922-bagimsizligin-temelleri-atildi","status":"publish","type":"post","link":"https:\/\/www.egemtv.com\/?p=51229","title":{"rendered":"Ba\u015fkan Tat\u0131k; &#8220;1071 de Anadolu\u2019nun kap\u0131lar\u0131 a\u00e7\u0131ld\u0131, 1922 ba\u011f\u0131ms\u0131zl\u0131\u011f\u0131n temelleri at\u0131ld\u0131&#8221;"},"content":{"rendered":"<p>Tavas Belediye Ba\u015fkan\u0131 Kadir Tat\u0131k, 26 A\u011fustos 1071 Malazgirt zaferinin ve 1922 B\u00fcy\u00fck Taarruz zaferinin y\u0131l d\u00f6n\u00fcmlerini yay\u0131mlad\u0131\u011f\u0131 mesaj ile kutlad\u0131.<br \/>\n<br \/>Tavas Belediye Ba\u015fkan\u0131 Kadir Tat\u0131k, 1071 Malazgirt zaferi ile Anadolu\u2019nun kap\u0131lar\u0131n\u0131n T\u00fcrklere a\u00e7\u0131l\u0131\u015f\u0131n\u0131 ve 1922 B\u00fcy\u00fck Taarruz ile s\u00f6m\u00fcrgeli\u011fin son bulup ba\u011f\u0131ms\u0131zl\u0131\u011f\u0131n temelinin at\u0131l\u0131\u015f\u0131n\u0131n y\u0131l d\u00f6n\u00fcmlerini sosyal medyadan yay\u0131mlad\u0131\u011f\u0131 mesaj ile kutlad\u0131. Ba\u015fkan Tat\u0131k mesaj\u0131nda, &#8220;26 A\u011fustos, milletimizin tarihindeki en \u00f6nemli d\u00f6n\u00fcm noktalar\u0131ndan biridir. 1071\u2019de Malazgirt Zaferi ile Anadolu\u2019nun kap\u0131lar\u0131 bizlere a\u00e7\u0131lm\u0131\u015f, 1922\u2019de B\u00fcy\u00fck Taarruz ile ba\u011f\u0131ms\u0131zl\u0131\u011f\u0131m\u0131z\u0131n temelleri at\u0131lm\u0131\u015ft\u0131r. \u0130ki b\u00fcy\u00fck zaferin y\u0131l d\u00f6n\u00fcm\u00fcnde; Malazgirt\u2019te Sultan Alparslan\u2019\u0131, B\u00fcy\u00fck Taarruz\u2019da Gazi Mustafa Kemal Atat\u00fcrk ba\u015fta olmak \u00fczere t\u00fcm kahramanlar\u0131m\u0131z\u0131 rahmet, minnet ve \u015f\u00fckranla an\u0131yoruz. Aziz milletimizin Malazgirt ve B\u00fcy\u00fck Taarruz zaferleri kutlu olsun&#8221; ifadelerine yer verdi.<br \/><\/p>\n","protected":false},"excerpt":{"rendered":"<p>Tavas Belediye Ba\u015fkan\u0131 Kadir Tat\u0131k, 26 A\u011fustos 1071 Malazgirt zaferinin ve 1922 B\u00fcy\u00fck Taarruz zaferinin y\u0131l d\u00f6n\u00fcmlerini yay\u0131mlad\u0131\u011f\u0131 mesaj ile kutlad\u0131. Tavas Belediye Ba\u015fkan\u0131 Kadir Tat\u0131k, 1071 Malazgirt zaferi ile Anadolu\u2019nun kap\u0131lar\u0131n\u0131n T\u00fcrklere a\u00e7\u0131l\u0131\u015f\u0131n\u0131 ve 1922 B\u00fcy\u00fck Taarruz ile s\u00f6m\u00fcrgeli\u011fin son bulup ba\u011f\u0131ms\u0131zl\u0131\u011f\u0131n temelinin at\u0131l\u0131\u015f\u0131n\u0131n y\u0131l d\u00f6n\u00fcmlerini sosyal medyadan yay\u0131mlad\u0131\u011f\u0131 mesaj ile kutlad\u0131. Ba\u015fkan Tat\u0131k&#8230;<\/p>\n","protected":false},"author":1,"featured_media":51230,"comment_status":"open","ping_status":"open","sticky":false,"template":"","format":"standard","meta":{"_crdt_document":"","footnotes":""},"categories":[1],"tags":[],"class_list":["post-51229","post","type-post","status-publish","format-standard","has-post-thumbnail","hentry","category-guncel"],"_links":{"self":[{"href":"https:\/\/www.egemtv.com\/index.php?rest_route=\/wp\/v2\/posts\/51229","targetHints":{"allow":["GET"]}}],"collection":[{"href":"https:\/\/www.egemtv.com\/index.php?rest_route=\/wp\/v2\/posts"}],"about":[{"href":"https:\/\/www.egemtv.com\/index.php?rest_route=\/wp\/v2\/types\/post"}],"author":[{"embeddable":true,"href":"https:\/\/www.egemtv.com\/index.php?rest_route=\/wp\/v2\/users\/1"}],"replies":[{"embeddable":true,"href":"https:\/\/www.egemtv.com\/index.php?rest_route=%2Fwp%2Fv2%2Fcomments&post=51229"}],"version-history":[{"count":1,"href":"https:\/\/www.egemtv.com\/index.php?rest_route=\/wp\/v2\/posts\/51229\/revisions"}],"predecessor-version":[{"id":51231,"href":"https:\/\/www.egemtv.com\/index.php?rest_route=\/wp\/v2\/posts\/51229\/revisions\/51231"}],"wp:featuredmedia":[{"embeddable":true,"href":"https:\/\/www.egemtv.com\/index.php?rest_route=\/wp\/v2\/media\/51230"}],"wp:attachment":[{"href":"https:\/\/www.egemtv.com\/index.php?rest_route=%2Fwp%2Fv2%2Fmedia&parent=51229"}],"wp:term":[{"taxonomy":"category","embeddable":true,"href":"https:\/\/www.egemtv.com\/index.php?rest_route=%2Fwp%2Fv2%2Fcategories&post=51229"},{"taxonomy":"post_tag","embeddable":true,"href":"https:\/\/www.egemtv.com\/index.php?rest_route=%2Fwp%2Fv2%2Ftags&post=51229"}],"curies":[{"name":"wp","href":"https:\/\/api.w.org\/{rel}","templated":true}]}}